{"id":62657,"date":"2025-01-14T12:02:18","date_gmt":"2025-01-14T18:02:18","guid":{"rendered":"https:\/\/encuentroinformativo.com.mx\/?p=62657"},"modified":"2025-01-14T12:02:18","modified_gmt":"2025-01-14T18:02:18","slug":"vargas-se-consolida-en-sector-ganadero-e-industrial","status":"publish","type":"post","link":"https:\/\/encuentroinformativo.com.mx\/?p=62657","title":{"rendered":"Vargas se consolida en sector ganadero e industrial"},"content":{"rendered":"<p><strong><span style=\"font-size: 1rem;\">Alejandro \u00c1vila<\/span><\/strong><\/p>\n<p>Veracruz, Ver.- La localidad de Vargas es una de las zonas del municipio de Veracruz que ha incrementado su plusval\u00eda en los \u00faltimos a\u00f1os al consolidarse en el sector ganadero e industrial, gracias al apoyo de los tres entes de gobierno.<\/p>\n<p>&#8220;Vargas actualmente se est\u00e1 desarrollando en el sector ganadero como en el productor ya que se est\u00e1 haciendo mucha siembra de ca\u00f1a, de ma\u00edz, aunado a que gracias al desarrollo de la cervecera Constellation Brands la derrama econ\u00f3mica hacia las familias, directamente hacia las familias de los habitantes ha sido de buen ver ya que ha sido una empresa socialmente responsable, est\u00e1 preocupada por las comunidades a su alrededor y esto lo refleja en los trabajos, que quiero decir con esto, que la materia humana que trabaja en la cervecera podr\u00edamos hablar que el 80 por ciento son gente de la zona, son gente de Vargas, de Loma Iguana, de Paso San Juan, de Santa Fe, de Tejer\u00eda, de Santa Rita, esto ha llevado a que socialmente ha mejorado la vida de los habitantes&#8221;, manifest\u00f3 Christian Rosas.<\/p>\n<p>Con la intenci\u00f3n de crecer como localidad, un grupo de habitantes tom\u00f3 la iniciativa de brindar embellecimiento a la zona, iniciando con la mejora y rehabilitaci\u00f3n de las letras que dan la bienvenida a la comunidad; el pasado 20 de diciembre del 2024 enviaron un oficio al Ayuntamiento de Veracruz para solicitar la autorizaci\u00f3n de modificaci\u00f3n de las letras que se encuentran a la entrada de Vargas.<\/p>\n<p>El documento autorizado por el Ayuntamiento de Veracruz el pasado 26 de diciembre del 2024, fue firmado y entregado por el Comisario Ejidal, Manuel Morales Carvajal; y el Agente Municipal de Santa Fe, Julio de Jes\u00fas Marcial Tadeo.<\/p>\n<p>&#8220;El equipo de trabajo de las se\u00f1oras y se\u00f1ores de Vargas preocupados por el embellecimiento de la localidad van a rehabilitarlas, van a hacer las nuevas, con el gran apoyo del ingeniero, Carlos Sosa Lagunes e hijos, ya que siempre han sido personas altruistas en la localidad y en la regi\u00f3n, ellas est\u00e1n muy agradecidas por el gran apoyo que se est\u00e1 dando para la realizaci\u00f3n de este embellecimiento de las letras&#8221;, remat\u00f3.<\/p>\n","protected":false},"excerpt":{"rendered":"<p>Alejandro \u00c1vila Veracruz, Ver.- La localidad de Vargas es una de las zonas del municipio de Veracruz que ha incrementado su plusval\u00eda en los \u00faltimos a\u00f1os al consolidarse en el sector ganadero e industrial, gracias al apoyo de los tres entes de gobierno. &#8220;Vargas actualmente se est\u00e1 desarrollando en el sector ganadero como en el [&hellip;]<\/p>\n","protected":false},"author":2476,"featured_media":62658,"comment_status":"open","ping_status":"open","sticky":false,"template":"","format":"standard","meta":{"_jetpack_memberships_contains_paid_content":false,"footnotes":""},"categories":[2],"tags":[],"class_list":["post-62657","post","type-post","status-publish","format-standard","has-post-thumbnail","hentry","category-estado"],"jetpack_featured_media_url":"https:\/\/encuentroinformativo.com.mx\/wp-content\/uploads\/2025\/01\/IMG-20250114-WA0060.jpg","jetpack_sharing_enabled":true,"jetpack_likes_enabled":true,"amp_enabled":true,"_links":{"self":[{"href":"https:\/\/encuentroinformativo.com.mx\/index.php?rest_route=\/wp\/v2\/posts\/62657","targetHints":{"allow":["GET"]}}],"collection":[{"href":"https:\/\/encuentroinformativo.com.mx\/index.php?rest_route=\/wp\/v2\/posts"}],"about":[{"href":"https:\/\/encuentroinformativo.com.mx\/index.php?rest_route=\/wp\/v2\/types\/post"}],"author":[{"embeddable":true,"href":"https:\/\/encuentroinformativo.com.mx\/index.php?rest_route=\/wp\/v2\/users\/2476"}],"replies":[{"embeddable":true,"href":"https:\/\/encuentroinformativo.com.mx\/index.php?rest_route=%2Fwp%2Fv2%2Fcomments&post=62657"}],"version-history":[{"count":1,"href":"https:\/\/encuentroinformativo.com.mx\/index.php?rest_route=\/wp\/v2\/posts\/62657\/revisions"}],"predecessor-version":[{"id":62659,"href":"https:\/\/encuentroinformativo.com.mx\/index.php?rest_route=\/wp\/v2\/posts\/62657\/revisions\/62659"}],"wp:featuredmedia":[{"embeddable":true,"href":"https:\/\/encuentroinformativo.com.mx\/index.php?rest_route=\/wp\/v2\/media\/62658"}],"wp:attachment":[{"href":"https:\/\/encuentroinformativo.com.mx\/index.php?rest_route=%2Fwp%2Fv2%2Fmedia&parent=62657"}],"wp:term":[{"taxonomy":"category","embeddable":true,"href":"https:\/\/encuentroinformativo.com.mx\/index.php?rest_route=%2Fwp%2Fv2%2Fcategories&post=62657"},{"taxonomy":"post_tag","embeddable":true,"href":"https:\/\/encuentroinformativo.com.mx\/index.php?rest_route=%2Fwp%2Fv2%2Ftags&post=62657"}],"curies":[{"name":"wp","href":"https:\/\/api.w.org\/{rel}","templated":true}]}}