{"id":6267,"date":"2020-09-28T15:15:31","date_gmt":"2020-09-28T20:15:31","guid":{"rendered":"https:\/\/encuentroinformativo.com.mx\/?p=6267"},"modified":"2020-09-28T15:15:34","modified_gmt":"2020-09-28T20:15:34","slug":"por-dia-de-despenalizacion-del-aborto-realizan-pintas-en-veracruz-puerto","status":"publish","type":"post","link":"https:\/\/encuentroinformativo.com.mx\/?p=6267","title":{"rendered":"Por D\u00eda de Despenalizaci\u00f3n del Aborto, realizan pintas en Veracruz puerto"},"content":{"rendered":"\n<p><strong>Alejandro \u00c1vila<\/strong><\/p>\n\n\n\n<p>Fotos: <strong>V\u00edctor Y\u00e1\u00f1ez <\/strong><\/p>\n\n\n\n<p>Veracruz, Ver.- Este lunes por la ma\u00f1ana en Paseo Mart\u00ed de la ciudad de Veracruz aparecieron diversas pintas al respecto del D\u00eda de Acci\u00f3n Global por la Despenalizaci\u00f3n del Aborto; frases como \u201cEn Mi Cuerpo Yo Decido\u201d, \u201cTodas Unidas por Nuestros Derechos\u201d, se lograron ver en el camell\u00f3n de las calles Ernesto Dom\u00ednguez y Vasco N\u00fa\u00f1ez de Balboa.<\/p>\n\n\n\n<p>A trav\u00e9s de un comunicado en conjunto, organizaciones feministas de Veracruz solicitaron al Congreso del Estado que modifique las causales del aborto legal, mismas que deben estar debidamente apegadas a la Alerta de G\u00e9nero por Agravio Comparado que existe en la entidad.<\/p>\n\n\n\n<p>De la misma manera, exhortaron a la Suprema Corte de Justicia de la Naci\u00f3n que ratifique la obligaci\u00f3n al Congreso Local para legislar sobre el incremento de las causales de aborto legal en el estado.<\/p>\n\n\n\n<p>\u201cPenalizar la decisi\u00f3n de las mujeres a interrumpir un embarazo no deseado, es una violencia de Estado, que se suma al c\u00famulo de violencias estructurales ejercidas contra las mujeres\u201d, se lee en parte del comunicado.<\/p>\n\n\n\n<p>Este documento fue firmado por Marea Verde Altas Monta\u00f1as, Marea Verde- Boca del R\u00edo, Marea Verde Totonacapan, Red de Mujeres Feministas de Veracruz, Encuentro Intergeneracional Feminista de Veracruz y Frente Veracruzano por la Vida y los Derechos de las Mujeres.<\/p>\n\n\n\n<p>Cabe recordar que Veracruz es el \u00fanico Estado que cuenta con una Alerta por Agravio Comparado (un mecanismo de emergencia porque se considera que las leyes agravian a las mujeres) y fue decretada debido a las leyes en materia de aborto.<\/p>\n\n\n\n<p>De forma espec\u00edfica, esta Alerta hace la solicitud para que se modifique la ley la interrupci\u00f3n de embarazo se permita hasta las 12 semanas, se coloque la causal salud de la mujer y se quite el plazo de 90 d\u00edas en caso de violaci\u00f3n.<\/p>\n\n\n\n<figure class=\"wp-block-image size-large\"><img loading=\"lazy\" decoding=\"async\" width=\"1024\" height=\"576\" src=\"https:\/\/encuentroinformativo.com.mx\/wp-content\/uploads\/2020\/09\/C8F48B95-C38A-45D7-9E59-1F79BAE9F2B2-1024x576.jpeg\" alt=\"\" class=\"wp-image-6269\" srcset=\"https:\/\/encuentroinformativo.com.mx\/wp-content\/uploads\/2020\/09\/C8F48B95-C38A-45D7-9E59-1F79BAE9F2B2-1024x576.jpeg 1024w, https:\/\/encuentroinformativo.com.mx\/wp-content\/uploads\/2020\/09\/C8F48B95-C38A-45D7-9E59-1F79BAE9F2B2-300x169.jpeg 300w, https:\/\/encuentroinformativo.com.mx\/wp-content\/uploads\/2020\/09\/C8F48B95-C38A-45D7-9E59-1F79BAE9F2B2-768x432.jpeg 768w, https:\/\/encuentroinformativo.com.mx\/wp-content\/uploads\/2020\/09\/C8F48B95-C38A-45D7-9E59-1F79BAE9F2B2.jpeg 1280w\" sizes=\"auto, (max-width: 1024px) 100vw, 1024px\" \/><\/figure>\n","protected":false},"excerpt":{"rendered":"<p>Alejandro \u00c1vila Fotos: V\u00edctor Y\u00e1\u00f1ez Veracruz, Ver.- Este lunes por la ma\u00f1ana en Paseo Mart\u00ed de la ciudad de Veracruz aparecieron diversas pintas al respecto del D\u00eda de Acci\u00f3n Global por la Despenalizaci\u00f3n del Aborto; frases como \u201cEn Mi Cuerpo Yo Decido\u201d, \u201cTodas Unidas por Nuestros Derechos\u201d, se lograron ver en el camell\u00f3n de las [&hellip;]<\/p>\n","protected":false},"author":1,"featured_media":6268,"comment_status":"open","ping_status":"open","sticky":false,"template":"","format":"standard","meta":{"_jetpack_memberships_contains_paid_content":false,"footnotes":""},"categories":[2],"tags":[],"class_list":["post-6267","post","type-post","status-publish","format-standard","has-post-thumbnail","hentry","category-estado"],"jetpack_featured_media_url":"https:\/\/encuentroinformativo.com.mx\/wp-content\/uploads\/2020\/09\/21B2317C-C74E-48D0-9E9E-3C5C038359B8.jpeg","jetpack_sharing_enabled":true,"jetpack_likes_enabled":true,"amp_enabled":true,"_links":{"self":[{"href":"https:\/\/encuentroinformativo.com.mx\/index.php?rest_route=\/wp\/v2\/posts\/6267","targetHints":{"allow":["GET"]}}],"collection":[{"href":"https:\/\/encuentroinformativo.com.mx\/index.php?rest_route=\/wp\/v2\/posts"}],"about":[{"href":"https:\/\/encuentroinformativo.com.mx\/index.php?rest_route=\/wp\/v2\/types\/post"}],"author":[{"embeddable":true,"href":"https:\/\/encuentroinformativo.com.mx\/index.php?rest_route=\/wp\/v2\/users\/1"}],"replies":[{"embeddable":true,"href":"https:\/\/encuentroinformativo.com.mx\/index.php?rest_route=%2Fwp%2Fv2%2Fcomments&post=6267"}],"version-history":[{"count":1,"href":"https:\/\/encuentroinformativo.com.mx\/index.php?rest_route=\/wp\/v2\/posts\/6267\/revisions"}],"predecessor-version":[{"id":6270,"href":"https:\/\/encuentroinformativo.com.mx\/index.php?rest_route=\/wp\/v2\/posts\/6267\/revisions\/6270"}],"wp:featuredmedia":[{"embeddable":true,"href":"https:\/\/encuentroinformativo.com.mx\/index.php?rest_route=\/wp\/v2\/media\/6268"}],"wp:attachment":[{"href":"https:\/\/encuentroinformativo.com.mx\/index.php?rest_route=%2Fwp%2Fv2%2Fmedia&parent=6267"}],"wp:term":[{"taxonomy":"category","embeddable":true,"href":"https:\/\/encuentroinformativo.com.mx\/index.php?rest_route=%2Fwp%2Fv2%2Fcategories&post=6267"},{"taxonomy":"post_tag","embeddable":true,"href":"https:\/\/encuentroinformativo.com.mx\/index.php?rest_route=%2Fwp%2Fv2%2Ftags&post=6267"}],"curies":[{"name":"wp","href":"https:\/\/api.w.org\/{rel}","templated":true}]}}