{"id":62685,"date":"2025-01-14T19:07:00","date_gmt":"2025-01-15T01:07:00","guid":{"rendered":"https:\/\/encuentroinformativo.com.mx\/?p=62685"},"modified":"2025-01-14T19:07:00","modified_gmt":"2025-01-15T01:07:00","slug":"entrega-alcalde-jm-unanue-calzado-deportivo-al-equipo-de-futbol-los-cachorros","status":"publish","type":"post","link":"https:\/\/encuentroinformativo.com.mx\/?p=62685","title":{"rendered":"Entrega Alcalde JM Un\u00e1nue calzado deportivo al equipo de futbol \u201cLos Cachorros\u201d"},"content":{"rendered":"<p><strong><span style=\"font-size: 1rem;\">* Son integrantes de la Fundaci\u00f3n S\u00edndrome de Down Veracruz y que han representado a Boca del R\u00edo con mucho orgullo.<\/span><\/strong><\/p>\n<p>Boca del R\u00edo, Ver.- En un acto de solidaridad y apoyo a la inclusi\u00f3n, el alcalde de Boca del R\u00edo, Juan Manuel Un\u00e1nue Abascal, hizo entrega de calzado deportivo a los integrantes de la Fundaci\u00f3n S\u00edndrome de Down Veracruz AC., destacando la importancia de ofrecer oportunidades para la integraci\u00f3n y el bienestar a trav\u00e9s del deporte y el compromiso social.<\/p>\n<p>\u201cEs un esfuerzo que hacemos todos los d\u00edas del a\u00f1o, adem\u00e1s de otros programas como los que hemos tenido con ustedes de apoyo\u201d, les expres\u00f3 el ejecutivo, recordando por ejemplo que en meses pasados se les apoy\u00f3 con uniformes para sus competencias.<\/p>\n<p>\u201cCachorros de Boca del R\u00edo\u201d est\u00e1 compuesto por j\u00f3venes deportistas locales, quienes se mostraron muy felices al recibir su calzado deportivo nuevo, teniendo como escenario la Unidad Deportiva Hugo S\u00e1nchez.<\/p>\n<p>Gracias a este tipo de acciones entre iniciativa privada y el Gobierno de Boca del R\u00edo, se refuerza el compromiso con la inclusi\u00f3n social, reconociendo y valorando a los boque\u00f1os.<\/p>\n<p>Por su parte, Carolina Perdomo Escobar, Presidenta de la Fundaci\u00f3n S\u00edndrome de Down Veracruz A.C., agradeci\u00f3 el respaldo del alcalde a todos los integrantes del equipo \u201cCachorros\u201d.<\/p>\n<p>\u201cDe verdad que muchas gracias. Han sido muy apapachadores con la fundaci\u00f3n y de verdad que para nosotros es un privilegio que crean en nosotros, que crean en este proyecto que lleva nueve a\u00f1os\u201d, dijo Perdomo Escobar.<\/p>\n<p>Ante la presencia de madres y padres de familia, el alcalde de Boca del R\u00edo, Juan Manuel Un\u00e1nue Abascal, reiter\u00f3 su compromiso de continuar impulsando apoyos que favorezcan la integraci\u00f3n social sin excepci\u00f3n, como por ejemplo, a trav\u00e9s del deporte, fortaleciendo la salud f\u00edsica, el autoestima y el sentido de pertenencia en un entorno m\u00e1s justo e igualitario.<\/p>\n","protected":false},"excerpt":{"rendered":"<p>* Son integrantes de la Fundaci\u00f3n S\u00edndrome de Down Veracruz y que han representado a Boca del R\u00edo con mucho orgullo. Boca del R\u00edo, Ver.- En un acto de solidaridad y apoyo a la inclusi\u00f3n, el alcalde de Boca del R\u00edo, Juan Manuel Un\u00e1nue Abascal, hizo entrega de calzado deportivo a los integrantes de la [&hellip;]<\/p>\n","protected":false},"author":2476,"featured_media":62686,"comment_status":"open","ping_status":"open","sticky":false,"template":"","format":"standard","meta":{"_jetpack_memberships_contains_paid_content":false,"footnotes":""},"categories":[2],"tags":[],"class_list":["post-62685","post","type-post","status-publish","format-standard","has-post-thumbnail","hentry","category-estado"],"jetpack_featured_media_url":"https:\/\/encuentroinformativo.com.mx\/wp-content\/uploads\/2025\/01\/IMG-20250114-WA02372.jpg","jetpack_sharing_enabled":true,"jetpack_likes_enabled":true,"amp_enabled":true,"_links":{"self":[{"href":"https:\/\/encuentroinformativo.com.mx\/index.php?rest_route=\/wp\/v2\/posts\/62685","targetHints":{"allow":["GET"]}}],"collection":[{"href":"https:\/\/encuentroinformativo.com.mx\/index.php?rest_route=\/wp\/v2\/posts"}],"about":[{"href":"https:\/\/encuentroinformativo.com.mx\/index.php?rest_route=\/wp\/v2\/types\/post"}],"author":[{"embeddable":true,"href":"https:\/\/encuentroinformativo.com.mx\/index.php?rest_route=\/wp\/v2\/users\/2476"}],"replies":[{"embeddable":true,"href":"https:\/\/encuentroinformativo.com.mx\/index.php?rest_route=%2Fwp%2Fv2%2Fcomments&post=62685"}],"version-history":[{"count":1,"href":"https:\/\/encuentroinformativo.com.mx\/index.php?rest_route=\/wp\/v2\/posts\/62685\/revisions"}],"predecessor-version":[{"id":62687,"href":"https:\/\/encuentroinformativo.com.mx\/index.php?rest_route=\/wp\/v2\/posts\/62685\/revisions\/62687"}],"wp:featuredmedia":[{"embeddable":true,"href":"https:\/\/encuentroinformativo.com.mx\/index.php?rest_route=\/wp\/v2\/media\/62686"}],"wp:attachment":[{"href":"https:\/\/encuentroinformativo.com.mx\/index.php?rest_route=%2Fwp%2Fv2%2Fmedia&parent=62685"}],"wp:term":[{"taxonomy":"category","embeddable":true,"href":"https:\/\/encuentroinformativo.com.mx\/index.php?rest_route=%2Fwp%2Fv2%2Fcategories&post=62685"},{"taxonomy":"post_tag","embeddable":true,"href":"https:\/\/encuentroinformativo.com.mx\/index.php?rest_route=%2Fwp%2Fv2%2Ftags&post=62685"}],"curies":[{"name":"wp","href":"https:\/\/api.w.org\/{rel}","templated":true}]}}