{"id":62688,"date":"2025-01-14T19:15:37","date_gmt":"2025-01-15T01:15:37","guid":{"rendered":"https:\/\/encuentroinformativo.com.mx\/?p=62688"},"modified":"2025-01-14T19:15:37","modified_gmt":"2025-01-15T01:15:37","slug":"rocio-nahle-tiene-70-por-ciento-de-aprobacion-entre-los-jarochos-dice-parametria","status":"publish","type":"post","link":"https:\/\/encuentroinformativo.com.mx\/?p=62688","title":{"rendered":"Roc\u00edo Nahle tiene 70 por ciento de aprobaci\u00f3n entre los jarochos dice Parametr\u00eda"},"content":{"rendered":"<p><strong style=\"font-size: 1rem;\">Alejandro \u00c1vila<\/strong><\/p>\n<p>Veracruz, Ver.- De acuerdo a la prestigiosa casa encuestadora \u201cParametr\u00eda\u201d, el 70 por ciento de los ciudadanos encuestados que viven en el municipio de Veracruz ven como buena Gobernadora a Roc\u00edo Nahle Garc\u00eda.<\/p>\n<p>Seg\u00fan una medici\u00f3n realizada en vivienda cara a cara a 400 habitantes de ese municipio, 7 de cada 10 ciudadanos encuestados ven a Roc\u00edo Nahle como una buena gobernadora, mientras que el 7 por ciento considera que no es ni buena ni mala.<\/p>\n<p>El estudio aplicado en el \u00faltimo bimestre del a\u00f1o pasado arroja adem\u00e1s que el 60 por ciento de las personas encuestadas considera que a Veracruz le va a ir mejor con Roc\u00edo Nahle como Gobernadora, mientras que el 6 por ciento respondi\u00f3 que le ir\u00e1 igual de bien.<\/p>\n<p>La encuesta aplicada por la empresa de Francisco Abundis presenta un margen de error de +-4.9 por ciento y se realiz\u00f3 con el objetivo de hacer una evaluaci\u00f3n de las autoridades, en la que tambi\u00e9n la Presidenta Claudia Sheinbaum present\u00f3 un 75 por ciento de aprobaci\u00f3n.<\/p>\n","protected":false},"excerpt":{"rendered":"<p>Alejandro \u00c1vila Veracruz, Ver.- De acuerdo a la prestigiosa casa encuestadora \u201cParametr\u00eda\u201d, el 70 por ciento de los ciudadanos encuestados que viven en el municipio de Veracruz ven como buena Gobernadora a Roc\u00edo Nahle Garc\u00eda. Seg\u00fan una medici\u00f3n realizada en vivienda cara a cara a 400 habitantes de ese municipio, 7 de cada 10 ciudadanos [&hellip;]<\/p>\n","protected":false},"author":2476,"featured_media":62689,"comment_status":"open","ping_status":"open","sticky":false,"template":"","format":"standard","meta":{"_jetpack_memberships_contains_paid_content":false,"footnotes":""},"categories":[2],"tags":[],"class_list":["post-62688","post","type-post","status-publish","format-standard","has-post-thumbnail","hentry","category-estado"],"jetpack_featured_media_url":"https:\/\/encuentroinformativo.com.mx\/wp-content\/uploads\/2025\/01\/IMG-20250114-WA02082.jpg","jetpack_sharing_enabled":true,"jetpack_likes_enabled":true,"amp_enabled":true,"_links":{"self":[{"href":"https:\/\/encuentroinformativo.com.mx\/index.php?rest_route=\/wp\/v2\/posts\/62688","targetHints":{"allow":["GET"]}}],"collection":[{"href":"https:\/\/encuentroinformativo.com.mx\/index.php?rest_route=\/wp\/v2\/posts"}],"about":[{"href":"https:\/\/encuentroinformativo.com.mx\/index.php?rest_route=\/wp\/v2\/types\/post"}],"author":[{"embeddable":true,"href":"https:\/\/encuentroinformativo.com.mx\/index.php?rest_route=\/wp\/v2\/users\/2476"}],"replies":[{"embeddable":true,"href":"https:\/\/encuentroinformativo.com.mx\/index.php?rest_route=%2Fwp%2Fv2%2Fcomments&post=62688"}],"version-history":[{"count":1,"href":"https:\/\/encuentroinformativo.com.mx\/index.php?rest_route=\/wp\/v2\/posts\/62688\/revisions"}],"predecessor-version":[{"id":62690,"href":"https:\/\/encuentroinformativo.com.mx\/index.php?rest_route=\/wp\/v2\/posts\/62688\/revisions\/62690"}],"wp:featuredmedia":[{"embeddable":true,"href":"https:\/\/encuentroinformativo.com.mx\/index.php?rest_route=\/wp\/v2\/media\/62689"}],"wp:attachment":[{"href":"https:\/\/encuentroinformativo.com.mx\/index.php?rest_route=%2Fwp%2Fv2%2Fmedia&parent=62688"}],"wp:term":[{"taxonomy":"category","embeddable":true,"href":"https:\/\/encuentroinformativo.com.mx\/index.php?rest_route=%2Fwp%2Fv2%2Fcategories&post=62688"},{"taxonomy":"post_tag","embeddable":true,"href":"https:\/\/encuentroinformativo.com.mx\/index.php?rest_route=%2Fwp%2Fv2%2Ftags&post=62688"}],"curies":[{"name":"wp","href":"https:\/\/api.w.org\/{rel}","templated":true}]}}