{"id":62691,"date":"2025-01-14T19:23:10","date_gmt":"2025-01-15T01:23:10","guid":{"rendered":"https:\/\/encuentroinformativo.com.mx\/?p=62691"},"modified":"2025-01-14T19:23:10","modified_gmt":"2025-01-15T01:23:10","slug":"pone-en-marcha-comision-de-desarrollo-artesanal-su-programa-anual-de-trabajo","status":"publish","type":"post","link":"https:\/\/encuentroinformativo.com.mx\/?p=62691","title":{"rendered":"Pone en marcha Comisi\u00f3n de Desarrollo Artesanal su Programa Anual de Trabajo"},"content":{"rendered":"<p><strong>* Presentan diputadas el contenido del documento que indica las acciones a realizar en estrecha colaboraci\u00f3n con las y los artesanos de Veracruz.<\/strong><\/p>\n<p style=\"font-weight: 400;\"><span style=\"font-size: 1rem;\">Xalapa, Ver.- Con el objetivo de contribuir a la difusi\u00f3n y promoci\u00f3n de las artesan\u00edas hechas en la entidad veracruzana como parte de su acervo cultural, en estrecha relaci\u00f3n con quienes las elaboran en la planeaci\u00f3n de estrategias para mejorar su actividad, la Comisi\u00f3n Permanente de Desarrollo Artesanal en la LXVII Legislatura de Veracruz aprob\u00f3 y present\u00f3 su programa de trabajo correspondiente al Primer A\u00f1o de Ejercicio Constitucional.<\/span><\/p>\n<p style=\"font-weight: 400;\"><span style=\"font-size: 1rem;\">En oficinas del Palacio Legislativo, las diputadas Miriam Garc\u00eda Guzm\u00e1n, Luz Alicia Delf\u00edn Rodr\u00edguez y Ang\u00e9lica Pe\u00f1a Mart\u00ednez, presidenta, secretaria y vocal, respectivamente, de esta instancia legislativa, suscribieron el documento que precisa las acciones y estrategias a seguir durante 2025.<\/span><\/p>\n<p style=\"font-weight: 400;\"><span style=\"font-size: 1rem;\">De acuerdo con las legisladoras, el objetivo general es contribuir a fomentar, preservar, proteger, rescatar, promover e impulsar el desarrollo de dicha actividad, buscando los mecanismos id\u00f3neos para hacerlo.<\/span><\/p>\n<p style=\"font-weight: 400;\"><span style=\"font-size: 1rem;\">Entre los objetivos espec\u00edficos destacan: Gestionar cursos de capacitaci\u00f3n y talleres para cada regi\u00f3n, alentar a las y los artesanos a transmitir sus capacidades y conocimientos a nuevas generaciones, impulsar la salvaguarda de la protecci\u00f3n de la propiedad intelectual de los dise\u00f1os, manifestaciones, productos y t\u00e9cnicas propias de Veracruz.<\/span><\/p>\n<p style=\"font-weight: 400;\"><span style=\"font-size: 1rem;\">Adem\u00e1s, gestionar ante la Secretar\u00eda de Desarrollo Econ\u00f3mico y Portuario (Sedecop) y otras instancias capacitaci\u00f3n y asesoramiento a este sector en aspectos relacionados con el comercio de sus productos, la apertura r\u00e1pida y manejo sostenible de negocios.<\/span><\/p>\n<p style=\"font-weight: 400;\"><span style=\"font-size: 1rem;\">Tambi\u00e9n, proponer talleres en los centros de educaci\u00f3n p\u00fablica estatales, gestionar que en cada municipio y en edificios p\u00fablicos se disponga de espacios para la exhibici\u00f3n, promoci\u00f3n y comercio de estos productos de la regi\u00f3n y formalizar acciones similares en los centros tur\u00edsticos de mayor afluencia en Veracruz, mediante ferias, talleres o festivales.<\/span><\/p>\n<p style=\"font-weight: 400;\"><span style=\"font-size: 1rem;\">Por \u00faltimo, planean promover la participaci\u00f3n de productores en ferias y exposiciones en los \u00e1mbitos nacional e internacional, as\u00ed como la difusi\u00f3n cultural y artesanal en medios de comunicaci\u00f3n tradicionales y digitales.<\/span><\/p>\n<p style=\"font-weight: 400;\"><span style=\"font-size: 1rem;\">Para el seguimiento de los objetivos planteados, la comisi\u00f3n se reunir\u00e1 una vez por mes durante los periodos de sesiones ordinarias, y una vez por lo menos durante el periodo de receso, considerando la agenda legislativa de las diputadas integrantes.<\/span><\/p>\n","protected":false},"excerpt":{"rendered":"<p>* Presentan diputadas el contenido del documento que indica las acciones a realizar en estrecha colaboraci\u00f3n con las y los artesanos de Veracruz. Xalapa, Ver.- Con el objetivo de contribuir a la difusi\u00f3n y promoci\u00f3n de las artesan\u00edas hechas en la entidad veracruzana como parte de su acervo cultural, en estrecha relaci\u00f3n con quienes las [&hellip;]<\/p>\n","protected":false},"author":2476,"featured_media":62692,"comment_status":"open","ping_status":"open","sticky":false,"template":"","format":"standard","meta":{"_jetpack_memberships_contains_paid_content":false,"footnotes":""},"categories":[2],"tags":[],"class_list":["post-62691","post","type-post","status-publish","format-standard","has-post-thumbnail","hentry","category-estado"],"jetpack_featured_media_url":"https:\/\/encuentroinformativo.com.mx\/wp-content\/uploads\/2025\/01\/NOV14ENE2025ARTESAL1.jpeg","jetpack_sharing_enabled":true,"jetpack_likes_enabled":true,"amp_enabled":true,"_links":{"self":[{"href":"https:\/\/encuentroinformativo.com.mx\/index.php?rest_route=\/wp\/v2\/posts\/62691","targetHints":{"allow":["GET"]}}],"collection":[{"href":"https:\/\/encuentroinformativo.com.mx\/index.php?rest_route=\/wp\/v2\/posts"}],"about":[{"href":"https:\/\/encuentroinformativo.com.mx\/index.php?rest_route=\/wp\/v2\/types\/post"}],"author":[{"embeddable":true,"href":"https:\/\/encuentroinformativo.com.mx\/index.php?rest_route=\/wp\/v2\/users\/2476"}],"replies":[{"embeddable":true,"href":"https:\/\/encuentroinformativo.com.mx\/index.php?rest_route=%2Fwp%2Fv2%2Fcomments&post=62691"}],"version-history":[{"count":1,"href":"https:\/\/encuentroinformativo.com.mx\/index.php?rest_route=\/wp\/v2\/posts\/62691\/revisions"}],"predecessor-version":[{"id":62693,"href":"https:\/\/encuentroinformativo.com.mx\/index.php?rest_route=\/wp\/v2\/posts\/62691\/revisions\/62693"}],"wp:featuredmedia":[{"embeddable":true,"href":"https:\/\/encuentroinformativo.com.mx\/index.php?rest_route=\/wp\/v2\/media\/62692"}],"wp:attachment":[{"href":"https:\/\/encuentroinformativo.com.mx\/index.php?rest_route=%2Fwp%2Fv2%2Fmedia&parent=62691"}],"wp:term":[{"taxonomy":"category","embeddable":true,"href":"https:\/\/encuentroinformativo.com.mx\/index.php?rest_route=%2Fwp%2Fv2%2Fcategories&post=62691"},{"taxonomy":"post_tag","embeddable":true,"href":"https:\/\/encuentroinformativo.com.mx\/index.php?rest_route=%2Fwp%2Fv2%2Ftags&post=62691"}],"curies":[{"name":"wp","href":"https:\/\/api.w.org\/{rel}","templated":true}]}}