{"id":62697,"date":"2025-01-14T21:37:09","date_gmt":"2025-01-15T03:37:09","guid":{"rendered":"https:\/\/encuentroinformativo.com.mx\/?p=62697"},"modified":"2025-01-14T21:37:09","modified_gmt":"2025-01-15T03:37:09","slug":"participa-comision-de-poblacion-y-atencion-a-migrantes-en-reunion-con-ediles","status":"publish","type":"post","link":"https:\/\/encuentroinformativo.com.mx\/?p=62697","title":{"rendered":"Participa Comisi\u00f3n de Poblaci\u00f3n y Atenci\u00f3n a Migrantes en reuni\u00f3n con ediles"},"content":{"rendered":"<p>Xalapa, Ver.- La Comisi\u00f3n de Poblaci\u00f3n y Atenci\u00f3n a Migrantes de la LXVII Legislatura particip\u00f3 en la mesa de trabajo La migraci\u00f3n en el estado de Veracruz, dentro de la Reuni\u00f3n de Coordinaci\u00f3n con Presidentes Municipales y Enlaces para la Atenci\u00f3n a Migrantes en Retorno de los municipios de las regiones Centro y Altas Monta\u00f1as de la entidad, que tuvo como objetivo coordinar y establecer estrategias al respecto.<u><\/u><u><\/u><\/p>\n<p><span style=\"font-size: 1rem;\">La presidenta de la referida comisi\u00f3n, diputada Janix Liliana Castro Mu\u00f1oz, al lado de la legisladora Indira de Jes\u00fas Rosales San Rom\u00e1n y del diputado Fernando Yunes M\u00e1rquez, secretaria y vocal de la misma, respetivamente, y del titular de la Drecci\u00f3n General de Atenci\u00f3n a Migrantes, Bertoldo Reyes Campuzano, expuso los principales objetivos del Plan Anual de Trabajo de esta comisi\u00f3n para 2025.<\/span><\/p>\n","protected":false},"excerpt":{"rendered":"<p>Xalapa, Ver.- La Comisi\u00f3n de Poblaci\u00f3n y Atenci\u00f3n a Migrantes de la LXVII Legislatura particip\u00f3 en la mesa de trabajo La migraci\u00f3n en el estado de Veracruz, dentro de la Reuni\u00f3n de Coordinaci\u00f3n con Presidentes Municipales y Enlaces para la Atenci\u00f3n a Migrantes en Retorno de los municipios de las regiones Centro y Altas Monta\u00f1as [&hellip;]<\/p>\n","protected":false},"author":2476,"featured_media":62698,"comment_status":"open","ping_status":"open","sticky":false,"template":"","format":"standard","meta":{"_jetpack_memberships_contains_paid_content":false,"footnotes":""},"categories":[2],"tags":[],"class_list":["post-62697","post","type-post","status-publish","format-standard","has-post-thumbnail","hentry","category-estado"],"jetpack_featured_media_url":"https:\/\/encuentroinformativo.com.mx\/wp-content\/uploads\/2025\/01\/NOV14ENE2025MIGRANTES1.jpg","jetpack_sharing_enabled":true,"jetpack_likes_enabled":true,"amp_enabled":true,"_links":{"self":[{"href":"https:\/\/encuentroinformativo.com.mx\/index.php?rest_route=\/wp\/v2\/posts\/62697","targetHints":{"allow":["GET"]}}],"collection":[{"href":"https:\/\/encuentroinformativo.com.mx\/index.php?rest_route=\/wp\/v2\/posts"}],"about":[{"href":"https:\/\/encuentroinformativo.com.mx\/index.php?rest_route=\/wp\/v2\/types\/post"}],"author":[{"embeddable":true,"href":"https:\/\/encuentroinformativo.com.mx\/index.php?rest_route=\/wp\/v2\/users\/2476"}],"replies":[{"embeddable":true,"href":"https:\/\/encuentroinformativo.com.mx\/index.php?rest_route=%2Fwp%2Fv2%2Fcomments&post=62697"}],"version-history":[{"count":1,"href":"https:\/\/encuentroinformativo.com.mx\/index.php?rest_route=\/wp\/v2\/posts\/62697\/revisions"}],"predecessor-version":[{"id":62699,"href":"https:\/\/encuentroinformativo.com.mx\/index.php?rest_route=\/wp\/v2\/posts\/62697\/revisions\/62699"}],"wp:featuredmedia":[{"embeddable":true,"href":"https:\/\/encuentroinformativo.com.mx\/index.php?rest_route=\/wp\/v2\/media\/62698"}],"wp:attachment":[{"href":"https:\/\/encuentroinformativo.com.mx\/index.php?rest_route=%2Fwp%2Fv2%2Fmedia&parent=62697"}],"wp:term":[{"taxonomy":"category","embeddable":true,"href":"https:\/\/encuentroinformativo.com.mx\/index.php?rest_route=%2Fwp%2Fv2%2Fcategories&post=62697"},{"taxonomy":"post_tag","embeddable":true,"href":"https:\/\/encuentroinformativo.com.mx\/index.php?rest_route=%2Fwp%2Fv2%2Ftags&post=62697"}],"curies":[{"name":"wp","href":"https:\/\/api.w.org\/{rel}","templated":true}]}}