{"id":62700,"date":"2025-01-14T21:47:15","date_gmt":"2025-01-15T03:47:15","guid":{"rendered":"https:\/\/encuentroinformativo.com.mx\/?p=62700"},"modified":"2025-01-14T21:47:15","modified_gmt":"2025-01-15T03:47:15","slug":"recibe-diputado-esteban-bautista-a-ediles-del-distrito-de-alamo","status":"publish","type":"post","link":"https:\/\/encuentroinformativo.com.mx\/?p=62700","title":{"rendered":"Recibe diputado Esteban Bautista a ediles del distrito de \u00c1lamo"},"content":{"rendered":"<p style=\"font-weight: 400;\"><strong>* Al lado de la legisladora Imelda Garrido Alvarado, dialoga con autoridades municipales acerca de obras prioritarias para la regi\u00f3n.<\/strong><\/p>\n<p style=\"font-weight: 400;\"><span style=\"font-size: 1rem;\">Xalapa, Ver.- El trabajo conjunto de las diputadas y los diputados de la LXVII Legislatura con autoridades municipales y el Ejecutivo permitir\u00e1 impulsar proyectos de desarrollo que beneficien directamente a la poblaci\u00f3n veracruzana, afirm\u00f3 el presidente de la Junta de Coordinaci\u00f3n Pol\u00edtica (Jucopo), diputado Esteban Bautista Hern\u00e1ndez, durante un encuentro con la diputada del Distrito IV de \u00c1lamo, Imelda Garrido Alvarado, y ediles de la regi\u00f3n.<\/span><\/p>\n<p style=\"font-weight: 400;\"><span style=\"font-size: 1rem;\">En el uso de la palabra, el legislador llam\u00f3 a los presidentes municipales a priorizar las obras de mayor requerimiento en sus demarcaciones, a fin de que sean expuestas, a trav\u00e9s de sus representantes en el Congreso local, a funcionarios estatales en la materia y les den seguimiento.<\/span><\/p>\n<p style=\"font-weight: 400;\"><span style=\"font-size: 1rem;\">Tambi\u00e9n plante\u00f3 la posibilidad de recorrer las distintas regiones de la entidad para tener un diagn\u00f3stico sobre el estado en que se encuentran hospitales, escuelas y caminos, para que con autoridades municipales sean presentados los planes de trabajo.<\/span><\/p>\n<p style=\"font-weight: 400;\"><span style=\"font-size: 1rem;\">A su vez, la diputada Imelda Garrido Alvarado reconoci\u00f3 la apertura de las y los presidentes municipales para trabajar coordinadamente en pro de la ciudadan\u00eda acercando sus demandas a las autoridades estatales. Record\u00f3 que las nuevas pol\u00edticas p\u00fablicas disponen que los presupuestos deben ser participativos; de ah\u00ed -dijo- la importancia de esta reuni\u00f3n para enfocarse en obras que favorezcan al mayor n\u00famero de habitantes y\/o zonas m\u00e1s necesitadas.<\/span><\/p>\n<p style=\"font-weight: 400;\"><span style=\"font-size: 1rem;\">Inst\u00f3 a las y los presentes a unir esfuerzos, para que, en sinergia con el gobierno estatal, se priorice temas como salud, educaci\u00f3n, comunicaciones, desarrollo agropecuario, medio ambiente y turismo. Refiri\u00f3 que ya hubo un primer acercamiento con las y los titulares de las dependencias estatales respectivas, quienes mostraron disposici\u00f3n para dar seguimiento a las solicitudes.<\/span><\/p>\n<p style=\"font-weight: 400;\"><span style=\"font-size: 1rem;\">Finalmente, la legisladora hizo una\u00a0 invitaci\u00f3n a los municipios con poblaci\u00f3n ind\u00edgena y afromexicana a participar en el Primer Foro de Consulta a los Pueblos y Comunidades Ind\u00edgenas y Afromexicanas para integrar el Plan Nacional de Desarrollo 2025-2030, convocado por el Instituto Nacional de los Pueblos Ind\u00edgenas (INPI), a efectuarse el pr\u00f3ximo 19 de enero en Morelia, Michoac\u00e1n.<\/span><\/p>\n<p style=\"font-weight: 400;\"><span style=\"font-size: 1rem;\">Asistieron a la reuni\u00f3n los presidentes municipales de Ixhuatl\u00e1n de Madero, Arnulfo Espinoza Tolentino; de Texcatepec, Amalia S\u00e1nchez Alonso; de Tlachichilco, Nancy Rueda Hern\u00e1ndez; de Zontecomatl\u00e1n, Adri\u00e1n Feliciano Mart\u00ednez; de Cerro Azul, Francisco Javier Medina del \u00c1ngel; de Benito Ju\u00e1rez, Samuel Arreola Arg\u00fcelles y de Castillo de Teayo, Esteban \u00c1vila Hern\u00e1ndez.<\/span><\/p>\n<p><img loading=\"lazy\" decoding=\"async\" class=\"alignnone size-medium wp-image-62702\" src=\"https:\/\/encuentroinformativo.com.mx\/wp-content\/uploads\/2025\/01\/NOV14ENE2025ESTEBAN2-300x200.jpeg\" alt=\"\" width=\"300\" height=\"200\" srcset=\"https:\/\/encuentroinformativo.com.mx\/wp-content\/uploads\/2025\/01\/NOV14ENE2025ESTEBAN2-300x200.jpeg 300w, https:\/\/encuentroinformativo.com.mx\/wp-content\/uploads\/2025\/01\/NOV14ENE2025ESTEBAN2-1024x684.jpeg 1024w, https:\/\/encuentroinformativo.com.mx\/wp-content\/uploads\/2025\/01\/NOV14ENE2025ESTEBAN2-768x513.jpeg 768w, https:\/\/encuentroinformativo.com.mx\/wp-content\/uploads\/2025\/01\/NOV14ENE2025ESTEBAN2-1536x1025.jpeg 1536w, https:\/\/encuentroinformativo.com.mx\/wp-content\/uploads\/2025\/01\/NOV14ENE2025ESTEBAN2.jpeg 1600w\" sizes=\"auto, (max-width: 300px) 100vw, 300px\" \/><\/p>\n","protected":false},"excerpt":{"rendered":"<p>* Al lado de la legisladora Imelda Garrido Alvarado, dialoga con autoridades municipales acerca de obras prioritarias para la regi\u00f3n. Xalapa, Ver.- El trabajo conjunto de las diputadas y los diputados de la LXVII Legislatura con autoridades municipales y el Ejecutivo permitir\u00e1 impulsar proyectos de desarrollo que beneficien directamente a la poblaci\u00f3n veracruzana, afirm\u00f3 el [&hellip;]<\/p>\n","protected":false},"author":2476,"featured_media":62701,"comment_status":"open","ping_status":"open","sticky":false,"template":"","format":"standard","meta":{"_jetpack_memberships_contains_paid_content":false,"footnotes":""},"categories":[2],"tags":[],"class_list":["post-62700","post","type-post","status-publish","format-standard","has-post-thumbnail","hentry","category-estado"],"jetpack_featured_media_url":"https:\/\/encuentroinformativo.com.mx\/wp-content\/uploads\/2025\/01\/NOV14ENE2025ESTEBAN3.jpeg","jetpack_sharing_enabled":true,"jetpack_likes_enabled":true,"amp_enabled":true,"_links":{"self":[{"href":"https:\/\/encuentroinformativo.com.mx\/index.php?rest_route=\/wp\/v2\/posts\/62700","targetHints":{"allow":["GET"]}}],"collection":[{"href":"https:\/\/encuentroinformativo.com.mx\/index.php?rest_route=\/wp\/v2\/posts"}],"about":[{"href":"https:\/\/encuentroinformativo.com.mx\/index.php?rest_route=\/wp\/v2\/types\/post"}],"author":[{"embeddable":true,"href":"https:\/\/encuentroinformativo.com.mx\/index.php?rest_route=\/wp\/v2\/users\/2476"}],"replies":[{"embeddable":true,"href":"https:\/\/encuentroinformativo.com.mx\/index.php?rest_route=%2Fwp%2Fv2%2Fcomments&post=62700"}],"version-history":[{"count":1,"href":"https:\/\/encuentroinformativo.com.mx\/index.php?rest_route=\/wp\/v2\/posts\/62700\/revisions"}],"predecessor-version":[{"id":62703,"href":"https:\/\/encuentroinformativo.com.mx\/index.php?rest_route=\/wp\/v2\/posts\/62700\/revisions\/62703"}],"wp:featuredmedia":[{"embeddable":true,"href":"https:\/\/encuentroinformativo.com.mx\/index.php?rest_route=\/wp\/v2\/media\/62701"}],"wp:attachment":[{"href":"https:\/\/encuentroinformativo.com.mx\/index.php?rest_route=%2Fwp%2Fv2%2Fmedia&parent=62700"}],"wp:term":[{"taxonomy":"category","embeddable":true,"href":"https:\/\/encuentroinformativo.com.mx\/index.php?rest_route=%2Fwp%2Fv2%2Fcategories&post=62700"},{"taxonomy":"post_tag","embeddable":true,"href":"https:\/\/encuentroinformativo.com.mx\/index.php?rest_route=%2Fwp%2Fv2%2Ftags&post=62700"}],"curies":[{"name":"wp","href":"https:\/\/api.w.org\/{rel}","templated":true}]}}