{"id":62707,"date":"2025-01-15T12:17:35","date_gmt":"2025-01-15T18:17:35","guid":{"rendered":"https:\/\/encuentroinformativo.com.mx\/?p=62707"},"modified":"2025-01-15T12:17:35","modified_gmt":"2025-01-15T18:17:35","slug":"reclaman-docentes-para-kinder-de-arboledas-del-sumidero","status":"publish","type":"post","link":"https:\/\/encuentroinformativo.com.mx\/?p=62707","title":{"rendered":"Reclaman docentes para kinder de Arboledas del Sumidero"},"content":{"rendered":"<p><strong><span style=\"font-size: 1rem;\">D<\/span><\/strong><strong style=\"font-size: 1rem;\">ar\u00edo Pale<\/strong><\/p>\n<p>Xalapa, Ver.- Padres y madres de familia se manifestaron y bloquearon la calle Granada del Infonavit Arboledas del Sumidero ya que en el jard\u00edn de ni\u00f1os Enrique de Olavarria en la calle Nuez no cuentan con maestro de educaci\u00f3n f\u00edsica.<\/p>\n<p>Entrevistada durante la manifestaci\u00f3n la se\u00f1ora Yamilet dio a conocer que ya hab\u00edan mandado diferentes oficios para solicitar un maestro de educaci\u00f3n f\u00edsica, ya que solo los dejan un tiempo y despu\u00e9s se los quitan.<\/p>\n<p>Dio a conocer que hasta el momento no les han dado soluci\u00f3n, se\u00f1al\u00f3 que hay mucha corrupci\u00f3n ya que el maestro Alvaro Roa tendr\u00eda que haberse presentado y es el momento que no llega a la escuela y est\u00e1 gozando de un sueldo que no se merece.<\/p>\n<p>Seg\u00fan tiene un permiso para laborar desde hace m\u00e1s de un a\u00f1o en las oficinas del INFONAVIT y en la plantilla del plantel ya no est\u00e1, y solo les dan largas y que van a checar lo que est\u00e1n haciendo desde el a\u00f1o pasado, a pesar que en el acuerdo que tuvieron se comprometieron a resolverles el problema en enero y de nueva cuenta se los quitaron por lo que tuvieron que tomar la escuela.<\/p>\n<p>La ocasi\u00f3n pasada les mandaron a una persona que no era maestro de educaci\u00f3n f\u00edsica y llego en un plan muy nefasto, adem\u00e1s de que no ven\u00eda a ocupar el lugar del maestro ya que el documento que tra\u00eda no se lo mostr\u00f3 a nadie.<\/p>\n<p>Esto afecta a 86 ni\u00f1os del plantel educativo del jard\u00edn de Ni\u00f1os Enrique Olavarria, por lo que desde las 08:00 horas impidieron el ingreso al plantel educativo de la primaria Jose Maria Morelos y Pavon el cual hace dos d\u00edas tambi\u00e9n se manifestaron por la misma problem\u00e1tica.<\/p>\n<p>Finalmente cabe recordar que en el mes de octubre del a\u00f1o pasado el mismo jard\u00edn de ni\u00f1os ya se hab\u00eda manifestado por el mismo problema de la falta de docente y solo les mandaron un maestro por dos meses y medio.<\/p>\n<p><img loading=\"lazy\" decoding=\"async\" class=\"alignnone size-medium wp-image-62709\" src=\"https:\/\/encuentroinformativo.com.mx\/wp-content\/uploads\/2025\/01\/IMG-20250115-WA0065-300x169.jpg\" alt=\"\" width=\"300\" height=\"169\" srcset=\"https:\/\/encuentroinformativo.com.mx\/wp-content\/uploads\/2025\/01\/IMG-20250115-WA0065-300x169.jpg 300w, https:\/\/encuentroinformativo.com.mx\/wp-content\/uploads\/2025\/01\/IMG-20250115-WA0065-1024x576.jpg 1024w, https:\/\/encuentroinformativo.com.mx\/wp-content\/uploads\/2025\/01\/IMG-20250115-WA0065-768x432.jpg 768w, https:\/\/encuentroinformativo.com.mx\/wp-content\/uploads\/2025\/01\/IMG-20250115-WA0065-1536x864.jpg 1536w, https:\/\/encuentroinformativo.com.mx\/wp-content\/uploads\/2025\/01\/IMG-20250115-WA0065.jpg 1600w\" sizes=\"auto, (max-width: 300px) 100vw, 300px\" \/><\/p>\n","protected":false},"excerpt":{"rendered":"<p>Dar\u00edo Pale Xalapa, Ver.- Padres y madres de familia se manifestaron y bloquearon la calle Granada del Infonavit Arboledas del Sumidero ya que en el jard\u00edn de ni\u00f1os Enrique de Olavarria en la calle Nuez no cuentan con maestro de educaci\u00f3n f\u00edsica. Entrevistada durante la manifestaci\u00f3n la se\u00f1ora Yamilet dio a conocer que ya hab\u00edan [&hellip;]<\/p>\n","protected":false},"author":2476,"featured_media":62708,"comment_status":"open","ping_status":"open","sticky":false,"template":"","format":"standard","meta":{"_jetpack_memberships_contains_paid_content":false,"footnotes":""},"categories":[3],"tags":[],"class_list":["post-62707","post","type-post","status-publish","format-standard","has-post-thumbnail","hentry","category-xalapa"],"jetpack_featured_media_url":"https:\/\/encuentroinformativo.com.mx\/wp-content\/uploads\/2025\/01\/IMG-20250115-WA0064.jpg","jetpack_sharing_enabled":true,"jetpack_likes_enabled":true,"amp_enabled":true,"_links":{"self":[{"href":"https:\/\/encuentroinformativo.com.mx\/index.php?rest_route=\/wp\/v2\/posts\/62707","targetHints":{"allow":["GET"]}}],"collection":[{"href":"https:\/\/encuentroinformativo.com.mx\/index.php?rest_route=\/wp\/v2\/posts"}],"about":[{"href":"https:\/\/encuentroinformativo.com.mx\/index.php?rest_route=\/wp\/v2\/types\/post"}],"author":[{"embeddable":true,"href":"https:\/\/encuentroinformativo.com.mx\/index.php?rest_route=\/wp\/v2\/users\/2476"}],"replies":[{"embeddable":true,"href":"https:\/\/encuentroinformativo.com.mx\/index.php?rest_route=%2Fwp%2Fv2%2Fcomments&post=62707"}],"version-history":[{"count":1,"href":"https:\/\/encuentroinformativo.com.mx\/index.php?rest_route=\/wp\/v2\/posts\/62707\/revisions"}],"predecessor-version":[{"id":62710,"href":"https:\/\/encuentroinformativo.com.mx\/index.php?rest_route=\/wp\/v2\/posts\/62707\/revisions\/62710"}],"wp:featuredmedia":[{"embeddable":true,"href":"https:\/\/encuentroinformativo.com.mx\/index.php?rest_route=\/wp\/v2\/media\/62708"}],"wp:attachment":[{"href":"https:\/\/encuentroinformativo.com.mx\/index.php?rest_route=%2Fwp%2Fv2%2Fmedia&parent=62707"}],"wp:term":[{"taxonomy":"category","embeddable":true,"href":"https:\/\/encuentroinformativo.com.mx\/index.php?rest_route=%2Fwp%2Fv2%2Fcategories&post=62707"},{"taxonomy":"post_tag","embeddable":true,"href":"https:\/\/encuentroinformativo.com.mx\/index.php?rest_route=%2Fwp%2Fv2%2Ftags&post=62707"}],"curies":[{"name":"wp","href":"https:\/\/api.w.org\/{rel}","templated":true}]}}