{"id":62735,"date":"2025-01-16T11:19:01","date_gmt":"2025-01-16T17:19:01","guid":{"rendered":"https:\/\/encuentroinformativo.com.mx\/?p=62735"},"modified":"2025-01-16T11:19:01","modified_gmt":"2025-01-16T17:19:01","slug":"docentes-piden-destitucion-de-director-de-educacion-indigena","status":"publish","type":"post","link":"https:\/\/encuentroinformativo.com.mx\/?p=62735","title":{"rendered":"Docentes piden destituci\u00f3n de director de educaci\u00f3n ind\u00edgena"},"content":{"rendered":"<p><strong>Dar\u00edo Pale<\/strong><\/p>\n<p>Xalapa, Ver.- Con la finalidad de exigir la destituci\u00f3n del director de Educaci\u00f3n Ind\u00edgena, Galdino Diego P\u00e9rez porque aseguran que no cuenta con la preparaci\u00f3n requerida para ocupar dicho cargo, Maestros de Educaci\u00f3n Ind\u00edgena provenientes de diferentes municipios tomaron las oficinas centrales de la Secretar\u00eda de Educaci\u00f3n de Veracruz (SEV).<\/p>\n<p>Aseguran que los nuevos titulares desconocen sus verdaderas necesidades, ya que no han estado en dicha \u00e1rea.<\/p>\n<p>&#8220;El magisterio biling\u00fce que labora en los pueblos originarios, hemos venido sufriendo atropellos desde hace m\u00e1s de 6 a\u00f1os, por lo que hemos sufrido atrasos y no se han podido cumplir en su totalidad con los planes y programas educativos. Hemos tenido que atender grupos de 60 ni\u00f1os con un solo maestro y desatender a grupos unitarios por largos periodos de 15 y 45 d\u00edas, y estamos sufriendo muchos atropellos&#8221; denunciaron.<\/p>\n<p>\u201cHoy nos imponen a un disque \u201cmaestro\u201d porque tiene un nombramiento como tal, pero que durante muchos a\u00f1os de su trayectoria como docente no ha estado frente a grupo, desconoce las necesidades, la sonrisa de los ni\u00f1os, el trato de los ni\u00f1os. No podemos seguir permitiendo el atraso a la educaci\u00f3n ind\u00edgena&#8221;, agregaron.<\/p>\n<p>Finalmente cabe recordar que, actualmente el subsistema de educaci\u00f3n ind\u00edgena est\u00e1 conformado por 15 sectores en todo el estado de Veracruz, de los cuales, 12 acudieron a la SEV a presentar su inconformidad y pedir la atenci\u00f3n de la secretaria Claudia Tello Espinosa.<\/p>\n<p><img loading=\"lazy\" decoding=\"async\" class=\"alignnone size-medium wp-image-62732\" src=\"https:\/\/encuentroinformativo.com.mx\/wp-content\/uploads\/2025\/01\/IMG-20250116-WA0092-300x169.jpg\" alt=\"\" width=\"300\" height=\"169\" srcset=\"https:\/\/encuentroinformativo.com.mx\/wp-content\/uploads\/2025\/01\/IMG-20250116-WA0092-300x169.jpg 300w, https:\/\/encuentroinformativo.com.mx\/wp-content\/uploads\/2025\/01\/IMG-20250116-WA0092-1024x576.jpg 1024w, https:\/\/encuentroinformativo.com.mx\/wp-content\/uploads\/2025\/01\/IMG-20250116-WA0092-768x432.jpg 768w, https:\/\/encuentroinformativo.com.mx\/wp-content\/uploads\/2025\/01\/IMG-20250116-WA0092-1536x864.jpg 1536w, https:\/\/encuentroinformativo.com.mx\/wp-content\/uploads\/2025\/01\/IMG-20250116-WA0092.jpg 1599w\" sizes=\"auto, (max-width: 300px) 100vw, 300px\" \/><\/p>\n","protected":false},"excerpt":{"rendered":"<p>Dar\u00edo Pale Xalapa, Ver.- Con la finalidad de exigir la destituci\u00f3n del director de Educaci\u00f3n Ind\u00edgena, Galdino Diego P\u00e9rez porque aseguran que no cuenta con la preparaci\u00f3n requerida para ocupar dicho cargo, Maestros de Educaci\u00f3n Ind\u00edgena provenientes de diferentes municipios tomaron las oficinas centrales de la Secretar\u00eda de Educaci\u00f3n de Veracruz (SEV). Aseguran que los [&hellip;]<\/p>\n","protected":false},"author":2476,"featured_media":62731,"comment_status":"open","ping_status":"open","sticky":false,"template":"","format":"standard","meta":{"_jetpack_memberships_contains_paid_content":false,"footnotes":""},"categories":[2],"tags":[],"class_list":["post-62735","post","type-post","status-publish","format-standard","has-post-thumbnail","hentry","category-estado"],"jetpack_featured_media_url":"https:\/\/encuentroinformativo.com.mx\/wp-content\/uploads\/2025\/01\/IMG-20250116-WA0090.jpg","jetpack_sharing_enabled":true,"jetpack_likes_enabled":true,"amp_enabled":true,"_links":{"self":[{"href":"https:\/\/encuentroinformativo.com.mx\/index.php?rest_route=\/wp\/v2\/posts\/62735","targetHints":{"allow":["GET"]}}],"collection":[{"href":"https:\/\/encuentroinformativo.com.mx\/index.php?rest_route=\/wp\/v2\/posts"}],"about":[{"href":"https:\/\/encuentroinformativo.com.mx\/index.php?rest_route=\/wp\/v2\/types\/post"}],"author":[{"embeddable":true,"href":"https:\/\/encuentroinformativo.com.mx\/index.php?rest_route=\/wp\/v2\/users\/2476"}],"replies":[{"embeddable":true,"href":"https:\/\/encuentroinformativo.com.mx\/index.php?rest_route=%2Fwp%2Fv2%2Fcomments&post=62735"}],"version-history":[{"count":1,"href":"https:\/\/encuentroinformativo.com.mx\/index.php?rest_route=\/wp\/v2\/posts\/62735\/revisions"}],"predecessor-version":[{"id":62736,"href":"https:\/\/encuentroinformativo.com.mx\/index.php?rest_route=\/wp\/v2\/posts\/62735\/revisions\/62736"}],"wp:featuredmedia":[{"embeddable":true,"href":"https:\/\/encuentroinformativo.com.mx\/index.php?rest_route=\/wp\/v2\/media\/62731"}],"wp:attachment":[{"href":"https:\/\/encuentroinformativo.com.mx\/index.php?rest_route=%2Fwp%2Fv2%2Fmedia&parent=62735"}],"wp:term":[{"taxonomy":"category","embeddable":true,"href":"https:\/\/encuentroinformativo.com.mx\/index.php?rest_route=%2Fwp%2Fv2%2Fcategories&post=62735"},{"taxonomy":"post_tag","embeddable":true,"href":"https:\/\/encuentroinformativo.com.mx\/index.php?rest_route=%2Fwp%2Fv2%2Ftags&post=62735"}],"curies":[{"name":"wp","href":"https:\/\/api.w.org\/{rel}","templated":true}]}}