{"id":62744,"date":"2025-01-16T14:10:58","date_gmt":"2025-01-16T20:10:58","guid":{"rendered":"https:\/\/encuentroinformativo.com.mx\/?p=62744"},"modified":"2025-01-16T14:10:58","modified_gmt":"2025-01-16T20:10:58","slug":"pendientes-de-actualizar-300-mil-credenciales-senala-el-ine","status":"publish","type":"post","link":"https:\/\/encuentroinformativo.com.mx\/?p=62744","title":{"rendered":"Pendientes de actualizar 300 mil credenciales, se\u00f1ala el INE"},"content":{"rendered":"<p><strong style=\"font-size: 1rem;\">Dar\u00edo Pale<\/strong><\/p>\n<p>Xalapa, Ver.- El vocal ejecutivo de la Junta Local Ejecutiva del INE en Xalapa, Josu\u00e9 Cervantes Mart\u00ednez dio a conocer que la ciudadan\u00eda ha respondido de forma favorable para la actualizaci\u00f3n de la credencial de elector, pero a\u00fan quedan pendientes cerca de 300 mil credenciales para actualizar.<\/p>\n<p>Coment\u00f3 que el INE aprob\u00f3 un acuerdo para que sigan vigentes y puedan votar el primero de junio pero solo para efectos electorales, en algunos casos aceptan la ampliaci\u00f3n de la vigencia para identificarse pero no es en todos los casos ya que algunos bancos no la aceptan.<\/p>\n<p>Reiter\u00f3 la invitaci\u00f3n a la ciudadan\u00eda para que renueve su credencial de elector ya sea con cita o sin ella, dijo que estaban cerrando el a\u00f1o con cerca de 400 mil personas con su credencial vencida y est\u00e1n arrancando el a\u00f1o con cerca de 300 mil personas, pr\u00e1cticamente cerca de 100 mil acudieron a realizar su tr\u00e1mite.<\/p>\n<p>Dijo que tienen hasta el 10 de febrero para renovar la credencial de elector los que van a tramitarla por primera vez, si es solo una reposici\u00f3n es hasta el 28 de febrero.<\/p>\n<p>En otro orden de ideas inform\u00f3 que el INE y el Organismo P\u00fablico Local Electoral (OPLE) firmaron un convenio de colaboraci\u00f3n con la Secretar\u00eda de Educaci\u00f3n de Veracruz (SEV) para que puedan usarse las instalaciones de las escuelas en el estado y se instalen ah\u00ed las mesas directivas de casilla.<\/p>\n<p>De esta forma se pretende adecuar previamente los accesos a los votantes con discapacidad.<\/p>\n<p>&#8220;Se hacen algunas rampas, se quitan los obst\u00e1culos en la medida del presupuesto, tanto de la Secretar\u00eda de Educaci\u00f3n como del OPLE Veracruz o en algunos casos, eventualmente con alg\u00fan ayuntamiento&#8221;, se\u00f1al\u00f3.<\/p>\n<p>Precis\u00f3 que tanto el OPLE como el INE buscan garantizar las condiciones para dicha poblaci\u00f3n y que son las escuelas los espacios id\u00f3neos y neutrales para que se realice la votaci\u00f3n.<\/p>\n<p>Finalmente inform\u00f3 que el tr\u00e1mite para dicho convenio inici\u00f3 a finales de la pasada administraci\u00f3n y se concret\u00f3 este mi\u00e9rcoles 15 de enero, fecha en la que iniciaron los recorridos en todo el estado para indicar d\u00f3nde se ubicar\u00e1n las casillas donde se votar\u00e1 el 1 de junio durante las elecciones municipales y para renovar jueces y magistrados del Poder Judicial de Veracruz.<\/p>\n","protected":false},"excerpt":{"rendered":"<p>Dar\u00edo Pale Xalapa, Ver.- El vocal ejecutivo de la Junta Local Ejecutiva del INE en Xalapa, Josu\u00e9 Cervantes Mart\u00ednez dio a conocer que la ciudadan\u00eda ha respondido de forma favorable para la actualizaci\u00f3n de la credencial de elector, pero a\u00fan quedan pendientes cerca de 300 mil credenciales para actualizar. Coment\u00f3 que el INE aprob\u00f3 un [&hellip;]<\/p>\n","protected":false},"author":2476,"featured_media":62745,"comment_status":"open","ping_status":"open","sticky":false,"template":"","format":"standard","meta":{"_jetpack_memberships_contains_paid_content":false,"footnotes":""},"categories":[2],"tags":[],"class_list":["post-62744","post","type-post","status-publish","format-standard","has-post-thumbnail","hentry","category-estado"],"jetpack_featured_media_url":"https:\/\/encuentroinformativo.com.mx\/wp-content\/uploads\/2025\/01\/IMG-20250116-WA0173.jpg","jetpack_sharing_enabled":true,"jetpack_likes_enabled":true,"amp_enabled":true,"_links":{"self":[{"href":"https:\/\/encuentroinformativo.com.mx\/index.php?rest_route=\/wp\/v2\/posts\/62744","targetHints":{"allow":["GET"]}}],"collection":[{"href":"https:\/\/encuentroinformativo.com.mx\/index.php?rest_route=\/wp\/v2\/posts"}],"about":[{"href":"https:\/\/encuentroinformativo.com.mx\/index.php?rest_route=\/wp\/v2\/types\/post"}],"author":[{"embeddable":true,"href":"https:\/\/encuentroinformativo.com.mx\/index.php?rest_route=\/wp\/v2\/users\/2476"}],"replies":[{"embeddable":true,"href":"https:\/\/encuentroinformativo.com.mx\/index.php?rest_route=%2Fwp%2Fv2%2Fcomments&post=62744"}],"version-history":[{"count":1,"href":"https:\/\/encuentroinformativo.com.mx\/index.php?rest_route=\/wp\/v2\/posts\/62744\/revisions"}],"predecessor-version":[{"id":62746,"href":"https:\/\/encuentroinformativo.com.mx\/index.php?rest_route=\/wp\/v2\/posts\/62744\/revisions\/62746"}],"wp:featuredmedia":[{"embeddable":true,"href":"https:\/\/encuentroinformativo.com.mx\/index.php?rest_route=\/wp\/v2\/media\/62745"}],"wp:attachment":[{"href":"https:\/\/encuentroinformativo.com.mx\/index.php?rest_route=%2Fwp%2Fv2%2Fmedia&parent=62744"}],"wp:term":[{"taxonomy":"category","embeddable":true,"href":"https:\/\/encuentroinformativo.com.mx\/index.php?rest_route=%2Fwp%2Fv2%2Fcategories&post=62744"},{"taxonomy":"post_tag","embeddable":true,"href":"https:\/\/encuentroinformativo.com.mx\/index.php?rest_route=%2Fwp%2Fv2%2Ftags&post=62744"}],"curies":[{"name":"wp","href":"https:\/\/api.w.org\/{rel}","templated":true}]}}