{"id":62750,"date":"2025-01-16T17:47:41","date_gmt":"2025-01-16T23:47:41","guid":{"rendered":"https:\/\/encuentroinformativo.com.mx\/?p=62750"},"modified":"2025-01-16T17:47:41","modified_gmt":"2025-01-16T23:47:41","slug":"participa-congreso-del-estado-en-el-inicio-de-la-caravana-abrigando-corazones","status":"publish","type":"post","link":"https:\/\/encuentroinformativo.com.mx\/?p=62750","title":{"rendered":"Participa Congreso del Estado en el inicio de la caravana \u201cAbrigando Corazones\u201d"},"content":{"rendered":"<p><strong>* Se beneficiar\u00e1 a 12 comunidades del municipio de Las Vigas de Ram\u00edrez con ropa, cobertores, alimentos calientes, atenci\u00f3n m\u00e9dica, libros infantiles y juveniles, entre otros.<\/strong><\/p>\n<p style=\"font-weight: 400;\"><span style=\"font-size: 1rem;\">Xalapa, Ver.- El Congreso del Estado de Veracruz, a trav\u00e9s de la presidenta de la Mesa Directiva, diputada Tanya Carola Viveros Ch\u00e1zaro, y del representante del Distrito IX, de Perote, diputado Paul Mart\u00ednez Marie, particip\u00f3 en el inicio de la campa\u00f1a \u201cAbrigando Corazones\u201d, implementada por los gobiernos de M\u00e9xico y de Veracruz y que beneficiar\u00e1 a 12 comunidades del municipio de Las Vigas de Ram\u00edrez.<\/span><\/p>\n<p style=\"font-weight: 400;\"><span style=\"font-size: 1rem;\">Las cinco rutas contempladas a las que llegar\u00e1n ropa invernal, cobertores, alimentos calientes y atenci\u00f3n m\u00e9dica, principalmente, son: Uno, La Alcantarilla, Tejocotal y El Arenal; dos, Tepetates, Manzanillo y Casa Blanca; tres, El Manzanal, Cruz de Rama y Hojas Anchas; cuatro, Encino Gacho y El Aguaje, y cinco, El Llanillo Redondo.<\/span><\/p>\n<p style=\"font-weight: 400;\"><span style=\"font-size: 1rem;\">Este programa es el resultado del trabajo conjunto de los gobiernos federal, estatal y municipales, con la finalidad de llevar cobijo, atenci\u00f3n y servicios a las personas que se encuentran en situaci\u00f3n de vulnerabilidad.<\/span><\/p>\n<p style=\"font-weight: 400;\"><span style=\"font-size: 1rem;\">En el evento se cont\u00f3 con la presencia de las titulares de la Secretar\u00edas de Protecci\u00f3n Civil (PC), Guadalupe Osorno Maldonado, y de Desarrollo Social (Sedesol),\u00a0 Margarita Santopietro Peralta, as\u00ed como personal de la Secretar\u00eda de la Defensa Nacional (Defensa) y de la Guardia Nacional (GN).<\/span><\/p>\n<p style=\"font-weight: 400;\"><span style=\"font-size: 1rem;\">Con el mismo objetivo, la presidenta de la Mesa Directiva del Congreso local, diputada Tanya Carola Viveros Ch\u00e1zaro, instruy\u00f3 la apertura de un Centro de Acopio en el Palacio Legislativo e invit\u00f3 a las diputadas y los diputados, personal de este Congreso y p\u00fablico en general a unirse a la colecta de ropa invernal, nueva o seminueva (en buen estado), para as\u00ed contribuir a alcanzar las metas trazadas en la campa\u00f1a.<\/span><\/p>\n<p style=\"font-weight: 400;\"><span style=\"font-size: 1rem;\">El punto de acopio designado es el Centro de Estudios para la Igualdad de G\u00e9nero y los Derechos Humanos del Congreso del Estado de Veracruz. El periodo de recepci\u00f3n abarca del 15 al 20 de enero de 2025, de 09:00 a 18:00 horas.<\/span><\/p>\n","protected":false},"excerpt":{"rendered":"<p>* Se beneficiar\u00e1 a 12 comunidades del municipio de Las Vigas de Ram\u00edrez con ropa, cobertores, alimentos calientes, atenci\u00f3n m\u00e9dica, libros infantiles y juveniles, entre otros. Xalapa, Ver.- El Congreso del Estado de Veracruz, a trav\u00e9s de la presidenta de la Mesa Directiva, diputada Tanya Carola Viveros Ch\u00e1zaro, y del representante del Distrito IX, de [&hellip;]<\/p>\n","protected":false},"author":2476,"featured_media":62751,"comment_status":"open","ping_status":"open","sticky":false,"template":"","format":"standard","meta":{"_jetpack_memberships_contains_paid_content":false,"footnotes":""},"categories":[2],"tags":[],"class_list":["post-62750","post","type-post","status-publish","format-standard","has-post-thumbnail","hentry","category-estado"],"jetpack_featured_media_url":"https:\/\/encuentroinformativo.com.mx\/wp-content\/uploads\/2025\/01\/NOV16ENE2025TANYA12-scaled.jpeg","jetpack_sharing_enabled":true,"jetpack_likes_enabled":true,"amp_enabled":true,"_links":{"self":[{"href":"https:\/\/encuentroinformativo.com.mx\/index.php?rest_route=\/wp\/v2\/posts\/62750","targetHints":{"allow":["GET"]}}],"collection":[{"href":"https:\/\/encuentroinformativo.com.mx\/index.php?rest_route=\/wp\/v2\/posts"}],"about":[{"href":"https:\/\/encuentroinformativo.com.mx\/index.php?rest_route=\/wp\/v2\/types\/post"}],"author":[{"embeddable":true,"href":"https:\/\/encuentroinformativo.com.mx\/index.php?rest_route=\/wp\/v2\/users\/2476"}],"replies":[{"embeddable":true,"href":"https:\/\/encuentroinformativo.com.mx\/index.php?rest_route=%2Fwp%2Fv2%2Fcomments&post=62750"}],"version-history":[{"count":1,"href":"https:\/\/encuentroinformativo.com.mx\/index.php?rest_route=\/wp\/v2\/posts\/62750\/revisions"}],"predecessor-version":[{"id":62752,"href":"https:\/\/encuentroinformativo.com.mx\/index.php?rest_route=\/wp\/v2\/posts\/62750\/revisions\/62752"}],"wp:featuredmedia":[{"embeddable":true,"href":"https:\/\/encuentroinformativo.com.mx\/index.php?rest_route=\/wp\/v2\/media\/62751"}],"wp:attachment":[{"href":"https:\/\/encuentroinformativo.com.mx\/index.php?rest_route=%2Fwp%2Fv2%2Fmedia&parent=62750"}],"wp:term":[{"taxonomy":"category","embeddable":true,"href":"https:\/\/encuentroinformativo.com.mx\/index.php?rest_route=%2Fwp%2Fv2%2Fcategories&post=62750"},{"taxonomy":"post_tag","embeddable":true,"href":"https:\/\/encuentroinformativo.com.mx\/index.php?rest_route=%2Fwp%2Fv2%2Ftags&post=62750"}],"curies":[{"name":"wp","href":"https:\/\/api.w.org\/{rel}","templated":true}]}}