{"id":62759,"date":"2025-01-17T09:49:21","date_gmt":"2025-01-17T15:49:21","guid":{"rendered":"https:\/\/encuentroinformativo.com.mx\/?p=62759"},"modified":"2025-01-17T09:49:21","modified_gmt":"2025-01-17T15:49:21","slug":"destroza-su-carro-tras-impactarse-con-camion-canero-en-alvarado","status":"publish","type":"post","link":"https:\/\/encuentroinformativo.com.mx\/?p=62759","title":{"rendered":"Destroza su carro tras impactarse con cami\u00f3n ca\u00f1ero en Alvarado"},"content":{"rendered":"<p><strong style=\"font-size: 1rem;\">Alejandro \u00c1vila<\/strong><\/p>\n<p>Alvarado, Ver.- Dos personas resultaron severamente heridas y fueron liberadas de su autom\u00f3vil por elementos de Protecci\u00f3n Civil de Alvarado tras impactarse con cami\u00f3n presuntamente ca\u00f1ero tipo Torton.<\/p>\n<p>Los hechos ocurrieron alrededor de las 7 de la ma\u00f1ana de este viernes 17 de enero, sobre la carretera federal 180 entre las localidades de la Cuenca y Punta Grande.<\/p>\n<p>El conductor qui\u00e9n responde al nombre de Ra\u00fal Antonio oriundo de la localidad Necoxtla del municipio Camerino Z Mendoza y de aproximadamente 23 a\u00f1os de edad, fue llevado al Hospital de Salud en Alvarado de forma estable, fue liberado de su pie izquierdo el cual estaba atrapado con el pedal del clutch, presentan una herida en la rodilla sin fractura, as\u00ed como un trauma de torax no severo.<\/p>\n<p>En el mismo veh\u00edculo ven\u00edan 2 personas m\u00e1s, una mujer y una peque\u00f1a de 2 a\u00f1os de edad, las cuales sufrieron hematomas muy peque\u00f1os; al tiempo que la copiloto relat\u00f3 que fue el cami\u00f3n de carga el que se meti\u00f3 a su carril y provoc\u00f3 el accidente.<\/p>\n<p>La pareja afectada oriunda de Camerino Z Mendoza intentaba llegar, como cada semana, a la cabecera municipal de Alvarado para vender flores.<\/p>\n<p>La atenci\u00f3n en el punto la brind\u00f3 la unidad 035 (Troya), la ambulancia 055, camioneta 02 de Protecci\u00f3n Civil, unidad 207 de Bomberos, adem\u00e1s de Polic\u00eda Estatal y Polic\u00eda Municipal.<\/p>\n<p><img loading=\"lazy\" decoding=\"async\" class=\"alignnone size-medium wp-image-62761\" src=\"https:\/\/encuentroinformativo.com.mx\/wp-content\/uploads\/2025\/01\/IMG-20250117-WA0011-300x169.jpg\" alt=\"\" width=\"300\" height=\"169\" srcset=\"https:\/\/encuentroinformativo.com.mx\/wp-content\/uploads\/2025\/01\/IMG-20250117-WA0011-300x169.jpg 300w, https:\/\/encuentroinformativo.com.mx\/wp-content\/uploads\/2025\/01\/IMG-20250117-WA0011-1024x576.jpg 1024w, https:\/\/encuentroinformativo.com.mx\/wp-content\/uploads\/2025\/01\/IMG-20250117-WA0011-768x432.jpg 768w, https:\/\/encuentroinformativo.com.mx\/wp-content\/uploads\/2025\/01\/IMG-20250117-WA0011-1536x864.jpg 1536w, https:\/\/encuentroinformativo.com.mx\/wp-content\/uploads\/2025\/01\/IMG-20250117-WA0011.jpg 1599w\" sizes=\"auto, (max-width: 300px) 100vw, 300px\" \/><\/p>\n","protected":false},"excerpt":{"rendered":"<p>Alejandro \u00c1vila Alvarado, Ver.- Dos personas resultaron severamente heridas y fueron liberadas de su autom\u00f3vil por elementos de Protecci\u00f3n Civil de Alvarado tras impactarse con cami\u00f3n presuntamente ca\u00f1ero tipo Torton. Los hechos ocurrieron alrededor de las 7 de la ma\u00f1ana de este viernes 17 de enero, sobre la carretera federal 180 entre las localidades de [&hellip;]<\/p>\n","protected":false},"author":2476,"featured_media":62760,"comment_status":"open","ping_status":"open","sticky":false,"template":"","format":"standard","meta":{"_jetpack_memberships_contains_paid_content":false,"footnotes":""},"categories":[2],"tags":[],"class_list":["post-62759","post","type-post","status-publish","format-standard","has-post-thumbnail","hentry","category-estado"],"jetpack_featured_media_url":"https:\/\/encuentroinformativo.com.mx\/wp-content\/uploads\/2025\/01\/IMG-20250117-WA0010.jpg","jetpack_sharing_enabled":true,"jetpack_likes_enabled":true,"amp_enabled":true,"_links":{"self":[{"href":"https:\/\/encuentroinformativo.com.mx\/index.php?rest_route=\/wp\/v2\/posts\/62759","targetHints":{"allow":["GET"]}}],"collection":[{"href":"https:\/\/encuentroinformativo.com.mx\/index.php?rest_route=\/wp\/v2\/posts"}],"about":[{"href":"https:\/\/encuentroinformativo.com.mx\/index.php?rest_route=\/wp\/v2\/types\/post"}],"author":[{"embeddable":true,"href":"https:\/\/encuentroinformativo.com.mx\/index.php?rest_route=\/wp\/v2\/users\/2476"}],"replies":[{"embeddable":true,"href":"https:\/\/encuentroinformativo.com.mx\/index.php?rest_route=%2Fwp%2Fv2%2Fcomments&post=62759"}],"version-history":[{"count":1,"href":"https:\/\/encuentroinformativo.com.mx\/index.php?rest_route=\/wp\/v2\/posts\/62759\/revisions"}],"predecessor-version":[{"id":62762,"href":"https:\/\/encuentroinformativo.com.mx\/index.php?rest_route=\/wp\/v2\/posts\/62759\/revisions\/62762"}],"wp:featuredmedia":[{"embeddable":true,"href":"https:\/\/encuentroinformativo.com.mx\/index.php?rest_route=\/wp\/v2\/media\/62760"}],"wp:attachment":[{"href":"https:\/\/encuentroinformativo.com.mx\/index.php?rest_route=%2Fwp%2Fv2%2Fmedia&parent=62759"}],"wp:term":[{"taxonomy":"category","embeddable":true,"href":"https:\/\/encuentroinformativo.com.mx\/index.php?rest_route=%2Fwp%2Fv2%2Fcategories&post=62759"},{"taxonomy":"post_tag","embeddable":true,"href":"https:\/\/encuentroinformativo.com.mx\/index.php?rest_route=%2Fwp%2Fv2%2Ftags&post=62759"}],"curies":[{"name":"wp","href":"https:\/\/api.w.org\/{rel}","templated":true}]}}