{"id":62763,"date":"2025-01-17T10:07:20","date_gmt":"2025-01-17T16:07:20","guid":{"rendered":"https:\/\/encuentroinformativo.com.mx\/?p=62763"},"modified":"2025-01-17T10:07:20","modified_gmt":"2025-01-17T16:07:20","slug":"choque-de-trailer-y-urbano-deja-una-persona-sin-vida-y-varios-heridos","status":"publish","type":"post","link":"https:\/\/encuentroinformativo.com.mx\/?p=62763","title":{"rendered":"Choque de tr\u00e1iler y urbano deja una persona sin vida y varios heridos"},"content":{"rendered":"<p><strong style=\"font-size: 1rem;\">Alejandro \u00c1vila<\/strong><\/p>\n<p><strong>Fotos:<\/strong> Sergio Aldazaba\/Cortes\u00eda<\/p>\n<p>Veracruz, Ver.- Un lamentable saldo de una persona fallecida y m\u00e1s de 15 lesionados dej\u00f3 el aparatoso choque de un cami\u00f3n urbano contra un tr\u00e1iler la ma\u00f1ana de este viernes 17 de enero en la carretera federal Veracruz &#8211; Cardel.<\/p>\n<p>Los hechos ocurrieron alrededor de las 8 de la ma\u00f1ana cuando, seg\u00fan testigos, el chofer de la ruta Galas &#8211; Herradura que circulaba en direcci\u00f3n norte a sur de la carretera Veracruz &#8211; Cardel a la altura de la colonia Chalchihuecan, se impact\u00f3 contra un tr\u00e1iler de la empresa Transportes Lujav que se encontraba estacionado a un costado de la carretera.<\/p>\n<p>Tras la llegada de los param\u00e9dicos dieron cuenta que un sujeto el cual a\u00fan no se ha podido identificar y que ven\u00eda cerca del chofer del autob\u00fas urbano perdi\u00f3 la vida, adem\u00e1s, los rescatistas atendieron a m\u00e1s de 15 personas con lesiones y crisis nerviosa, de los cuales, al menos cinco de ellos eran menores de edad.<\/p>\n<p>El percance gener\u00f3 intenso tr\u00e1nsito en la medicina arteria vial, adem\u00e1s de la empat\u00eda de varios conductores, los cuales se bajaron de sus unidades para ayudar a sacar a los heridos quienes gritaban por auxilio al ver las diversas lesiones que ten\u00edan; elementos de la Polic\u00eda Ministerial acudieron al sitio para iniciar una carpeta de investigaci\u00f3n por este hecho y comenzar con las diligencias para transportar a la persona fallecida al SEMEFO de Boca del R\u00edo.<\/p>\n<p><img loading=\"lazy\" decoding=\"async\" class=\"alignnone size-medium wp-image-62765\" src=\"https:\/\/encuentroinformativo.com.mx\/wp-content\/uploads\/2025\/01\/IMG-20250117-WA0022-300x169.jpg\" alt=\"\" width=\"300\" height=\"169\" srcset=\"https:\/\/encuentroinformativo.com.mx\/wp-content\/uploads\/2025\/01\/IMG-20250117-WA0022-300x169.jpg 300w, https:\/\/encuentroinformativo.com.mx\/wp-content\/uploads\/2025\/01\/IMG-20250117-WA0022-1024x576.jpg 1024w, https:\/\/encuentroinformativo.com.mx\/wp-content\/uploads\/2025\/01\/IMG-20250117-WA0022-768x432.jpg 768w, https:\/\/encuentroinformativo.com.mx\/wp-content\/uploads\/2025\/01\/IMG-20250117-WA0022-1536x864.jpg 1536w, https:\/\/encuentroinformativo.com.mx\/wp-content\/uploads\/2025\/01\/IMG-20250117-WA0022.jpg 1599w\" sizes=\"auto, (max-width: 300px) 100vw, 300px\" \/><\/p>\n","protected":false},"excerpt":{"rendered":"<p>Alejandro \u00c1vila Fotos: Sergio Aldazaba\/Cortes\u00eda Veracruz, Ver.- Un lamentable saldo de una persona fallecida y m\u00e1s de 15 lesionados dej\u00f3 el aparatoso choque de un cami\u00f3n urbano contra un tr\u00e1iler la ma\u00f1ana de este viernes 17 de enero en la carretera federal Veracruz &#8211; Cardel. Los hechos ocurrieron alrededor de las 8 de la ma\u00f1ana [&hellip;]<\/p>\n","protected":false},"author":2476,"featured_media":62764,"comment_status":"open","ping_status":"open","sticky":false,"template":"","format":"standard","meta":{"_jetpack_memberships_contains_paid_content":false,"footnotes":""},"categories":[2],"tags":[],"class_list":["post-62763","post","type-post","status-publish","format-standard","has-post-thumbnail","hentry","category-estado"],"jetpack_featured_media_url":"https:\/\/encuentroinformativo.com.mx\/wp-content\/uploads\/2025\/01\/IMG-20250117-WA0021.jpg","jetpack_sharing_enabled":true,"jetpack_likes_enabled":true,"amp_enabled":true,"_links":{"self":[{"href":"https:\/\/encuentroinformativo.com.mx\/index.php?rest_route=\/wp\/v2\/posts\/62763","targetHints":{"allow":["GET"]}}],"collection":[{"href":"https:\/\/encuentroinformativo.com.mx\/index.php?rest_route=\/wp\/v2\/posts"}],"about":[{"href":"https:\/\/encuentroinformativo.com.mx\/index.php?rest_route=\/wp\/v2\/types\/post"}],"author":[{"embeddable":true,"href":"https:\/\/encuentroinformativo.com.mx\/index.php?rest_route=\/wp\/v2\/users\/2476"}],"replies":[{"embeddable":true,"href":"https:\/\/encuentroinformativo.com.mx\/index.php?rest_route=%2Fwp%2Fv2%2Fcomments&post=62763"}],"version-history":[{"count":1,"href":"https:\/\/encuentroinformativo.com.mx\/index.php?rest_route=\/wp\/v2\/posts\/62763\/revisions"}],"predecessor-version":[{"id":62766,"href":"https:\/\/encuentroinformativo.com.mx\/index.php?rest_route=\/wp\/v2\/posts\/62763\/revisions\/62766"}],"wp:featuredmedia":[{"embeddable":true,"href":"https:\/\/encuentroinformativo.com.mx\/index.php?rest_route=\/wp\/v2\/media\/62764"}],"wp:attachment":[{"href":"https:\/\/encuentroinformativo.com.mx\/index.php?rest_route=%2Fwp%2Fv2%2Fmedia&parent=62763"}],"wp:term":[{"taxonomy":"category","embeddable":true,"href":"https:\/\/encuentroinformativo.com.mx\/index.php?rest_route=%2Fwp%2Fv2%2Fcategories&post=62763"},{"taxonomy":"post_tag","embeddable":true,"href":"https:\/\/encuentroinformativo.com.mx\/index.php?rest_route=%2Fwp%2Fv2%2Ftags&post=62763"}],"curies":[{"name":"wp","href":"https:\/\/api.w.org\/{rel}","templated":true}]}}