{"id":62767,"date":"2025-01-17T10:30:53","date_gmt":"2025-01-17T16:30:53","guid":{"rendered":"https:\/\/encuentroinformativo.com.mx\/?p=62767"},"modified":"2025-01-17T10:30:53","modified_gmt":"2025-01-17T16:30:53","slug":"amira-diaz-primera-veracruzana-en-participar-en-copa-mundial-de-roller-derby","status":"publish","type":"post","link":"https:\/\/encuentroinformativo.com.mx\/?p=62767","title":{"rendered":"Amira D\u00edaz primera veracruzana en participar en Copa Mundial de Roller Derby"},"content":{"rendered":"<p><strong style=\"font-size: 1rem;\">Alejandro \u00c1vila<\/strong><\/p>\n<p>Veracruz, Ver.- Amira del Carmen D\u00edaz Olaldes es una joven veracruzana integrante del club Baja Roller Derby que ha sido elegida por la Selecci\u00f3n Mexicana como integrante del equipo que participar\u00e1 en la Copa Mundial de Roller Derby que se realizar\u00e1 del 3 al 6 de julio en Innsbruck, Austria.<\/p>\n<p>Jarocha de nacimiento, es la primer veracruzana en la historia en formar parte de la Selecci\u00f3n Mexicana de Roller Derby y, esta ser\u00e1 la segunda ocasi\u00f3n que participe en una Copa del Mundo, tal como lo hiciera en el 2018 en la ciudad de Manchester en Inglaterra, tambi\u00e9n representando el combinado nacional.<\/p>\n<p>&#8220;Llevo jugando aproximadamente 12 a\u00f1os Roller Derby, para ser tomada en cuenta pues yo me he preparado durante todo este tiempo con en juegos en Estados Unidos jugando con mi equipo Baja en WFTDA que es la liga m\u00e1s importante de Roller Derby, tengo juegos en el extranjero tambi\u00e9n juego a nivel nacional&#8221;, expres\u00f3 en entrevista.<\/p>\n<p>Al no ser un deporte federado los gastos los cubre cada una de las jugadoras, Amira D\u00edaz, de su profesi\u00f3n como fot\u00f3grafa destina un recurso para sus trabajos en preparaci\u00f3n f\u00edsica, fisioterapia y nutrici\u00f3n.<\/p>\n<p>En este 2025 adem\u00e1s del viaje que tendr\u00e1 a Austria, debe cumplir con dos torneos de preparaci\u00f3n con la Selecci\u00f3n Mexicana, uno en la ciudad de Tijuana y otro en Ciudad de M\u00e9xico; aunado a ello, los compromisos que tiene con su equipo de Baja Roller Derby de la WFTDA en Arizona y Denver; por lo que realizar\u00e1 diversas activaciones para obtener el recurso econ\u00f3mico.<\/p>\n<p>&#8220;Adem\u00e1s de mi profesi\u00f3n planeo vender un poco de mercanc\u00eda y hacer rifas para poder solventarme algunos gastos&#8221;, remat\u00f3.<\/p>\n<p><img loading=\"lazy\" decoding=\"async\" class=\"alignnone size-medium wp-image-62771\" src=\"https:\/\/encuentroinformativo.com.mx\/wp-content\/uploads\/2025\/01\/IMG-20250117-WA0026-300x260.jpg\" alt=\"\" width=\"300\" height=\"260\" srcset=\"https:\/\/encuentroinformativo.com.mx\/wp-content\/uploads\/2025\/01\/IMG-20250117-WA0026-300x260.jpg 300w, https:\/\/encuentroinformativo.com.mx\/wp-content\/uploads\/2025\/01\/IMG-20250117-WA0026-768x665.jpg 768w, https:\/\/encuentroinformativo.com.mx\/wp-content\/uploads\/2025\/01\/IMG-20250117-WA0026.jpg 960w\" sizes=\"auto, (max-width: 300px) 100vw, 300px\" \/><\/p>\n","protected":false},"excerpt":{"rendered":"<p>Alejandro \u00c1vila Veracruz, Ver.- Amira del Carmen D\u00edaz Olaldes es una joven veracruzana integrante del club Baja Roller Derby que ha sido elegida por la Selecci\u00f3n Mexicana como integrante del equipo que participar\u00e1 en la Copa Mundial de Roller Derby que se realizar\u00e1 del 3 al 6 de julio en Innsbruck, Austria. Jarocha de nacimiento, [&hellip;]<\/p>\n","protected":false},"author":2476,"featured_media":62770,"comment_status":"open","ping_status":"open","sticky":false,"template":"","format":"standard","meta":{"_jetpack_memberships_contains_paid_content":false,"footnotes":""},"categories":[2],"tags":[],"class_list":["post-62767","post","type-post","status-publish","format-standard","has-post-thumbnail","hentry","category-estado"],"jetpack_featured_media_url":"https:\/\/encuentroinformativo.com.mx\/wp-content\/uploads\/2025\/01\/IMG-20250117-WA00272.jpg","jetpack_sharing_enabled":true,"jetpack_likes_enabled":true,"amp_enabled":true,"_links":{"self":[{"href":"https:\/\/encuentroinformativo.com.mx\/index.php?rest_route=\/wp\/v2\/posts\/62767","targetHints":{"allow":["GET"]}}],"collection":[{"href":"https:\/\/encuentroinformativo.com.mx\/index.php?rest_route=\/wp\/v2\/posts"}],"about":[{"href":"https:\/\/encuentroinformativo.com.mx\/index.php?rest_route=\/wp\/v2\/types\/post"}],"author":[{"embeddable":true,"href":"https:\/\/encuentroinformativo.com.mx\/index.php?rest_route=\/wp\/v2\/users\/2476"}],"replies":[{"embeddable":true,"href":"https:\/\/encuentroinformativo.com.mx\/index.php?rest_route=%2Fwp%2Fv2%2Fcomments&post=62767"}],"version-history":[{"count":2,"href":"https:\/\/encuentroinformativo.com.mx\/index.php?rest_route=\/wp\/v2\/posts\/62767\/revisions"}],"predecessor-version":[{"id":62772,"href":"https:\/\/encuentroinformativo.com.mx\/index.php?rest_route=\/wp\/v2\/posts\/62767\/revisions\/62772"}],"wp:featuredmedia":[{"embeddable":true,"href":"https:\/\/encuentroinformativo.com.mx\/index.php?rest_route=\/wp\/v2\/media\/62770"}],"wp:attachment":[{"href":"https:\/\/encuentroinformativo.com.mx\/index.php?rest_route=%2Fwp%2Fv2%2Fmedia&parent=62767"}],"wp:term":[{"taxonomy":"category","embeddable":true,"href":"https:\/\/encuentroinformativo.com.mx\/index.php?rest_route=%2Fwp%2Fv2%2Fcategories&post=62767"},{"taxonomy":"post_tag","embeddable":true,"href":"https:\/\/encuentroinformativo.com.mx\/index.php?rest_route=%2Fwp%2Fv2%2Ftags&post=62767"}],"curies":[{"name":"wp","href":"https:\/\/api.w.org\/{rel}","templated":true}]}}