{"id":62773,"date":"2025-01-17T12:29:31","date_gmt":"2025-01-17T18:29:31","guid":{"rendered":"https:\/\/encuentroinformativo.com.mx\/?p=62773"},"modified":"2025-01-17T12:30:52","modified_gmt":"2025-01-17T18:30:52","slug":"vecinos-piden-atender-deslave-en-lomas-verdes","status":"publish","type":"post","link":"https:\/\/encuentroinformativo.com.mx\/?p=62773","title":{"rendered":"Vecinos piden atender deslave en Lomas Verdes"},"content":{"rendered":"<p><strong style=\"font-size: 1rem;\">Dar\u00edo Pale<\/strong><\/p>\n<p>Xalapa, Ver.- Se manifiestan frente a palacio municipal los habitantes de la tercera secci\u00f3n de la unidad Lomas Verdes para pedir al alcalde de Xalapa, Alberto Islas Reyes que se atienda un deslave que pone en riesgo a algunas viviendas.<\/p>\n<p>Entrevistado durante la manifestaci\u00f3n Adan Ortega coment\u00f3 que, expusieron este riesgo a Ricardo Ahued, sin embargo no se atendi\u00f3 antes de que asumiera la Secretar\u00eda de Gobierno.<\/p>\n<p>&#8220;Las casas est\u00e1n ya a tres y cuatro metros del deslave y ninguna autoridad se ha hecho responsable ante est\u00e1 situaci\u00f3n, entonces venimos a manifestarnos para que nos apoyen&#8221; dijo uno de los vecinos afectados.<\/p>\n<p>Reclamaron que no se haya construido un muro de contenci\u00f3n como en otras zonas de la ciudad.<\/p>\n<p>&#8220;Que el presidente municipal nos apoye y vea la necesidad de nosotros&#8221; insisti\u00f3.<\/p>\n<p>Por \u00faltimo precis\u00f3 que son cuatro viviendas las que est\u00e1n frente al deslave y advirti\u00f3 que como est\u00e1n unidas, &#8220;al irse una casa se van las dem\u00e1s, entonces sin varias las casas que est\u00e1n en esta situaci\u00f3n&#8221;.<\/p>\n","protected":false},"excerpt":{"rendered":"<p>Dar\u00edo Pale Xalapa, Ver.- Se manifiestan frente a palacio municipal los habitantes de la tercera secci\u00f3n de la unidad Lomas Verdes para pedir al alcalde de Xalapa, Alberto Islas Reyes que se atienda un deslave que pone en riesgo a algunas viviendas. Entrevistado durante la manifestaci\u00f3n Adan Ortega coment\u00f3 que, expusieron este riesgo a Ricardo [&hellip;]<\/p>\n","protected":false},"author":2476,"featured_media":62774,"comment_status":"open","ping_status":"open","sticky":false,"template":"","format":"standard","meta":{"_jetpack_memberships_contains_paid_content":false,"footnotes":""},"categories":[3],"tags":[],"class_list":["post-62773","post","type-post","status-publish","format-standard","has-post-thumbnail","hentry","category-xalapa"],"jetpack_featured_media_url":"https:\/\/encuentroinformativo.com.mx\/wp-content\/uploads\/2025\/01\/IMG-20250117-WA00352.jpg","jetpack_sharing_enabled":true,"jetpack_likes_enabled":true,"amp_enabled":true,"_links":{"self":[{"href":"https:\/\/encuentroinformativo.com.mx\/index.php?rest_route=\/wp\/v2\/posts\/62773","targetHints":{"allow":["GET"]}}],"collection":[{"href":"https:\/\/encuentroinformativo.com.mx\/index.php?rest_route=\/wp\/v2\/posts"}],"about":[{"href":"https:\/\/encuentroinformativo.com.mx\/index.php?rest_route=\/wp\/v2\/types\/post"}],"author":[{"embeddable":true,"href":"https:\/\/encuentroinformativo.com.mx\/index.php?rest_route=\/wp\/v2\/users\/2476"}],"replies":[{"embeddable":true,"href":"https:\/\/encuentroinformativo.com.mx\/index.php?rest_route=%2Fwp%2Fv2%2Fcomments&post=62773"}],"version-history":[{"count":1,"href":"https:\/\/encuentroinformativo.com.mx\/index.php?rest_route=\/wp\/v2\/posts\/62773\/revisions"}],"predecessor-version":[{"id":62775,"href":"https:\/\/encuentroinformativo.com.mx\/index.php?rest_route=\/wp\/v2\/posts\/62773\/revisions\/62775"}],"wp:featuredmedia":[{"embeddable":true,"href":"https:\/\/encuentroinformativo.com.mx\/index.php?rest_route=\/wp\/v2\/media\/62774"}],"wp:attachment":[{"href":"https:\/\/encuentroinformativo.com.mx\/index.php?rest_route=%2Fwp%2Fv2%2Fmedia&parent=62773"}],"wp:term":[{"taxonomy":"category","embeddable":true,"href":"https:\/\/encuentroinformativo.com.mx\/index.php?rest_route=%2Fwp%2Fv2%2Fcategories&post=62773"},{"taxonomy":"post_tag","embeddable":true,"href":"https:\/\/encuentroinformativo.com.mx\/index.php?rest_route=%2Fwp%2Fv2%2Ftags&post=62773"}],"curies":[{"name":"wp","href":"https:\/\/api.w.org\/{rel}","templated":true}]}}