{"id":62784,"date":"2025-01-17T14:11:17","date_gmt":"2025-01-17T20:11:17","guid":{"rendered":"https:\/\/encuentroinformativo.com.mx\/?p=62784"},"modified":"2025-01-17T14:11:17","modified_gmt":"2025-01-17T20:11:17","slug":"cambio-de-horario-en-escuelas-debe-instruirlo-la-federacion","status":"publish","type":"post","link":"https:\/\/encuentroinformativo.com.mx\/?p=62784","title":{"rendered":"Cambio de horario en escuelas debe instruirlo la federaci\u00f3n"},"content":{"rendered":"<p><strong style=\"font-size: 1rem;\">Dar\u00edo Pale<\/strong><\/p>\n<p>Xalapa, Ver.- La Subsecretaria de Educaci\u00f3n B\u00e1sica de Veracruz Maritza Ram\u00edrez Aguilar, dio a conocer que el cambio de horario por la temporada de fr\u00edos tiene que ser una instrucci\u00f3n de la federaci\u00f3n, pero los y las directoras deben de estar pendientes para ver cuales son las mejores condiciones para estar con las ni\u00f1as y los ni\u00f1os.<\/p>\n<p>En entrevista coment\u00f3 que en la Secretar\u00eda de Educaci\u00f3n de Veracruz (SEV), se est\u00e1 haciendo un gran trabajo y los temas como la manifestaci\u00f3n que se present\u00f3 el d\u00eda de ayer en las instalaciones las est\u00e1 atendiendo directamente la Secretaria, ya que est\u00e1 muy comprometida en resolver todos los problemas.<\/p>\n<p>Los instruy\u00f3 para que trabajen en colaboraci\u00f3n con todos los maestros y que se atienda a todas las maestras al igual que a los diferentes sindicatos y que se resuelvan de manera inmediata.<\/p>\n<p>El que se cierren las instalaciones de la SEV afecta a muchos maestros, pero aun no les han dado instrucciones sobre el tema de los docentes de la Direcci\u00f3n de Educaci\u00f3n Ind\u00edgena.<\/p>\n<p>En cuanto al cambio de horario para el ingreso a clases en la temporada de fr\u00edo, dijo que van a esperar las instrucciones de la Federaci\u00f3n y lo dar\u00e1n a conocer de forma oficial, pero los directores y las directoras tienen que estar pendientes y organizando el programa analitico y ver cuales son las mejores condiciones para poder estar con los ni\u00f1os y las ni\u00f1as.<\/p>\n<p>Finalmente coment\u00f3 que de manera general tendr\u00edan que esperar la indicaci\u00f3n de la Federaci\u00f3n.<\/p>\n","protected":false},"excerpt":{"rendered":"<p>Dar\u00edo Pale Xalapa, Ver.- La Subsecretaria de Educaci\u00f3n B\u00e1sica de Veracruz Maritza Ram\u00edrez Aguilar, dio a conocer que el cambio de horario por la temporada de fr\u00edos tiene que ser una instrucci\u00f3n de la federaci\u00f3n, pero los y las directoras deben de estar pendientes para ver cuales son las mejores condiciones para estar con las [&hellip;]<\/p>\n","protected":false},"author":2476,"featured_media":62785,"comment_status":"open","ping_status":"open","sticky":false,"template":"","format":"standard","meta":{"_jetpack_memberships_contains_paid_content":false,"footnotes":""},"categories":[2],"tags":[],"class_list":["post-62784","post","type-post","status-publish","format-standard","has-post-thumbnail","hentry","category-estado"],"jetpack_featured_media_url":"https:\/\/encuentroinformativo.com.mx\/wp-content\/uploads\/2025\/01\/IMG-20250117-WA01592.jpg","jetpack_sharing_enabled":true,"jetpack_likes_enabled":true,"amp_enabled":true,"_links":{"self":[{"href":"https:\/\/encuentroinformativo.com.mx\/index.php?rest_route=\/wp\/v2\/posts\/62784","targetHints":{"allow":["GET"]}}],"collection":[{"href":"https:\/\/encuentroinformativo.com.mx\/index.php?rest_route=\/wp\/v2\/posts"}],"about":[{"href":"https:\/\/encuentroinformativo.com.mx\/index.php?rest_route=\/wp\/v2\/types\/post"}],"author":[{"embeddable":true,"href":"https:\/\/encuentroinformativo.com.mx\/index.php?rest_route=\/wp\/v2\/users\/2476"}],"replies":[{"embeddable":true,"href":"https:\/\/encuentroinformativo.com.mx\/index.php?rest_route=%2Fwp%2Fv2%2Fcomments&post=62784"}],"version-history":[{"count":1,"href":"https:\/\/encuentroinformativo.com.mx\/index.php?rest_route=\/wp\/v2\/posts\/62784\/revisions"}],"predecessor-version":[{"id":62786,"href":"https:\/\/encuentroinformativo.com.mx\/index.php?rest_route=\/wp\/v2\/posts\/62784\/revisions\/62786"}],"wp:featuredmedia":[{"embeddable":true,"href":"https:\/\/encuentroinformativo.com.mx\/index.php?rest_route=\/wp\/v2\/media\/62785"}],"wp:attachment":[{"href":"https:\/\/encuentroinformativo.com.mx\/index.php?rest_route=%2Fwp%2Fv2%2Fmedia&parent=62784"}],"wp:term":[{"taxonomy":"category","embeddable":true,"href":"https:\/\/encuentroinformativo.com.mx\/index.php?rest_route=%2Fwp%2Fv2%2Fcategories&post=62784"},{"taxonomy":"post_tag","embeddable":true,"href":"https:\/\/encuentroinformativo.com.mx\/index.php?rest_route=%2Fwp%2Fv2%2Ftags&post=62784"}],"curies":[{"name":"wp","href":"https:\/\/api.w.org\/{rel}","templated":true}]}}