{"id":62790,"date":"2025-01-17T15:07:21","date_gmt":"2025-01-17T21:07:21","guid":{"rendered":"https:\/\/encuentroinformativo.com.mx\/?p=62790"},"modified":"2025-01-17T15:07:21","modified_gmt":"2025-01-17T21:07:21","slug":"raro-que-no-hayan-detectado-instalacion-ilegal-de-camaras-nahle","status":"publish","type":"post","link":"https:\/\/encuentroinformativo.com.mx\/?p=62790","title":{"rendered":"&#8220;Raro&#8221; que no hayan detectado instalaci\u00f3n ilegal de c\u00e1maras: Nahle"},"content":{"rendered":"<p><strong style=\"font-size: 1rem;\">Dar\u00edo Pale<\/strong><\/p>\n<p>Xalapa, Ver.- Resulta &#8220;raro&#8221; que otras administraciones no se hayan dado cuenta de la instalaci\u00f3n ilegal de c\u00e1maras de videovigilancia en distintas ciudades del Estado, as\u00ed lo dio a conocer la gobernadora de Veracruz, Roc\u00edo Nahle Garc\u00eda.<\/p>\n<p>En entrevista previa al foro para la elaboraci\u00f3n del Plan Nacional de Desarrollo en el Museo Kan\u00e1, dijo que durante la reuni\u00f3n de alcaldes de todo el pa\u00eds y la presidenta Claudia Sheinbaum Pardo, se les inform\u00f3 que el 10 por ciento de los recursos del Fondo de Aportaciones para la Infraestructura Social (FAIS) ser\u00e1 para los municipios ind\u00edgenas.<\/p>\n<p>\u201cLa presidenta present\u00f3 programas de bienestar y tambi\u00e9n nos inform\u00f3 sobre el FAIS, que el 10 por ciento de ese fondo va a ser para municipios de pueblos originarios e ind\u00edgenas y se depositar\u00e1 directamente desde la Federaci\u00f3n\u201d, se\u00f1al\u00f3.<\/p>\n<p>Dijo que en el caso de Veracruz son 13 los pueblos originarios y la lista de los municipios que se ver\u00e1n beneficiados con esta decisi\u00f3n se dar\u00e1 a conocer por parte del gobierno de M\u00e9xico.<\/p>\n<p>\u201cEs parte de poner orden en Veracruz y lo estamos haciendo bastante bien\u201d, sostuvo.<\/p>\n<p>En otro orden de ideas en cuanto a los diferentes operativos que se est\u00e1n realizando neg\u00f3 que se haya identificado a alg\u00fan grupo delictivo que est\u00e9 detr\u00e1s de la instalaci\u00f3n de estas c\u00e1maras.<\/p>\n<p>Desde hace varios d\u00edas diversos cuerpos policiacos, en operativos coordinados han estado desinstalando c\u00e1maras de videovigilancia ilegales en municipios de Coatzacoalcos, Minatitl\u00e1n, Acayucan, Mart\u00ednez de la Torre, Poza Rica, C\u00f3rdoba, Omealca y Boca del R\u00edo.<\/p>\n<p>Recientemente desmantelaron y aseguraron c\u00e1maras de videovigilancia instaladas de manera ilegal en la v\u00eda p\u00fablica en los municipios de C\u00f3rdoba y Omealca.<\/p>\n<p>Elementos de la Secretar\u00eda de la Defensa Nacional, en coordinaci\u00f3n con la Guardia Nacional, Divisi\u00f3n Seguridad Regional y, la Polic\u00eda Estatal bajo el Mando \u00danico de C\u00f3rdoba, retiraron 20 c\u00e1maras de videovigilancia utilizadas presuntamente para fines il\u00edcitos.<\/p>\n<p>Finalmente, la Mandataria dijo que el retiro de las c\u00e1maras que se han detectado en diversos puntos del Estado corresponde a una estrategia de seguridad, ya que son instaladas de manera ilegal en espacios p\u00fablicos.<\/p>\n","protected":false},"excerpt":{"rendered":"<p>Dar\u00edo Pale Xalapa, Ver.- Resulta &#8220;raro&#8221; que otras administraciones no se hayan dado cuenta de la instalaci\u00f3n ilegal de c\u00e1maras de videovigilancia en distintas ciudades del Estado, as\u00ed lo dio a conocer la gobernadora de Veracruz, Roc\u00edo Nahle Garc\u00eda. En entrevista previa al foro para la elaboraci\u00f3n del Plan Nacional de Desarrollo en el Museo [&hellip;]<\/p>\n","protected":false},"author":2476,"featured_media":62791,"comment_status":"open","ping_status":"open","sticky":false,"template":"","format":"standard","meta":{"_jetpack_memberships_contains_paid_content":false,"footnotes":""},"categories":[2],"tags":[],"class_list":["post-62790","post","type-post","status-publish","format-standard","has-post-thumbnail","hentry","category-estado"],"jetpack_featured_media_url":"https:\/\/encuentroinformativo.com.mx\/wp-content\/uploads\/2025\/01\/IMG-20250117-WA0198.jpg","jetpack_sharing_enabled":true,"jetpack_likes_enabled":true,"amp_enabled":true,"_links":{"self":[{"href":"https:\/\/encuentroinformativo.com.mx\/index.php?rest_route=\/wp\/v2\/posts\/62790","targetHints":{"allow":["GET"]}}],"collection":[{"href":"https:\/\/encuentroinformativo.com.mx\/index.php?rest_route=\/wp\/v2\/posts"}],"about":[{"href":"https:\/\/encuentroinformativo.com.mx\/index.php?rest_route=\/wp\/v2\/types\/post"}],"author":[{"embeddable":true,"href":"https:\/\/encuentroinformativo.com.mx\/index.php?rest_route=\/wp\/v2\/users\/2476"}],"replies":[{"embeddable":true,"href":"https:\/\/encuentroinformativo.com.mx\/index.php?rest_route=%2Fwp%2Fv2%2Fcomments&post=62790"}],"version-history":[{"count":1,"href":"https:\/\/encuentroinformativo.com.mx\/index.php?rest_route=\/wp\/v2\/posts\/62790\/revisions"}],"predecessor-version":[{"id":62792,"href":"https:\/\/encuentroinformativo.com.mx\/index.php?rest_route=\/wp\/v2\/posts\/62790\/revisions\/62792"}],"wp:featuredmedia":[{"embeddable":true,"href":"https:\/\/encuentroinformativo.com.mx\/index.php?rest_route=\/wp\/v2\/media\/62791"}],"wp:attachment":[{"href":"https:\/\/encuentroinformativo.com.mx\/index.php?rest_route=%2Fwp%2Fv2%2Fmedia&parent=62790"}],"wp:term":[{"taxonomy":"category","embeddable":true,"href":"https:\/\/encuentroinformativo.com.mx\/index.php?rest_route=%2Fwp%2Fv2%2Fcategories&post=62790"},{"taxonomy":"post_tag","embeddable":true,"href":"https:\/\/encuentroinformativo.com.mx\/index.php?rest_route=%2Fwp%2Fv2%2Ftags&post=62790"}],"curies":[{"name":"wp","href":"https:\/\/api.w.org\/{rel}","templated":true}]}}