{"id":62793,"date":"2025-01-17T17:36:42","date_gmt":"2025-01-17T23:36:42","guid":{"rendered":"https:\/\/encuentroinformativo.com.mx\/?p=62793"},"modified":"2025-01-17T17:36:42","modified_gmt":"2025-01-17T23:36:42","slug":"abraham-caballero-rosas-nuevo-director-de-asipona-veracruz","status":"publish","type":"post","link":"https:\/\/encuentroinformativo.com.mx\/?p=62793","title":{"rendered":"Abraham Caballero Rosas nuevo director de Asipona Veracruz"},"content":{"rendered":"<p><strong style=\"font-size: 1rem;\">Alejandro \u00c1vila<\/strong><\/p>\n<p>Veracruz, Ver.- Unas horas despu\u00e9s del anuncio en redes sociales fue presentado de manera oficial y en rueda de prensa, el Almirante, Abraham Eloy Caballero Rosas, como nuevo director de la Administraci\u00f3n del Sistema Portuario Nacional (ASIPONA) en Veracruz.<\/p>\n<p>El tampique\u00f1o de nacimiento estaba a cargo de la Novena Regi\u00f3n Naval con sede en Quintana Roo, lleg\u00f3 a Veracruz por las rotaciones constantes que se hacen, por lo que suplir\u00e1 al Vice Almirante Carlos Ignacio Vel\u00e1zquez Tiscare\u00f1o.<\/p>\n<p>El nuevo director tom\u00f3 protesta y se comprometido a mantener el movimiento alcanzado durante el 2024 de 32 millones de toneladas de mercanc\u00edas que cruzaron a trav\u00e9s del puerto de Veracruz.<\/p>\n<p>\u201cVamos a mantener, vamos a seguir con el Puerto de Veracruz como el principal Puerto, lo vamos a llevar esta gran nave a un buen Puerto seguro\u201d, dijo.<\/p>\n<p>Entre los pendientes, est\u00e1 la conclusi\u00f3n de la plaza \u201cHero\u00edsmo Veracruzano\u201d y reubicaci\u00f3n de los artesanos de la plaza de artesan\u00edas del malec\u00f3n.<\/p>\n<p>Este \u00faltimo proyecto se tiene contemplado poner en marcha el 21 de abril.<\/p>\n","protected":false},"excerpt":{"rendered":"<p>Alejandro \u00c1vila Veracruz, Ver.- Unas horas despu\u00e9s del anuncio en redes sociales fue presentado de manera oficial y en rueda de prensa, el Almirante, Abraham Eloy Caballero Rosas, como nuevo director de la Administraci\u00f3n del Sistema Portuario Nacional (ASIPONA) en Veracruz. El tampique\u00f1o de nacimiento estaba a cargo de la Novena Regi\u00f3n Naval con sede [&hellip;]<\/p>\n","protected":false},"author":2476,"featured_media":62794,"comment_status":"open","ping_status":"open","sticky":false,"template":"","format":"standard","meta":{"_jetpack_memberships_contains_paid_content":false,"footnotes":""},"categories":[2],"tags":[],"class_list":["post-62793","post","type-post","status-publish","format-standard","has-post-thumbnail","hentry","category-estado"],"jetpack_featured_media_url":"https:\/\/encuentroinformativo.com.mx\/wp-content\/uploads\/2025\/01\/IMG-20250117-WA0224.jpg","jetpack_sharing_enabled":true,"jetpack_likes_enabled":true,"amp_enabled":true,"_links":{"self":[{"href":"https:\/\/encuentroinformativo.com.mx\/index.php?rest_route=\/wp\/v2\/posts\/62793","targetHints":{"allow":["GET"]}}],"collection":[{"href":"https:\/\/encuentroinformativo.com.mx\/index.php?rest_route=\/wp\/v2\/posts"}],"about":[{"href":"https:\/\/encuentroinformativo.com.mx\/index.php?rest_route=\/wp\/v2\/types\/post"}],"author":[{"embeddable":true,"href":"https:\/\/encuentroinformativo.com.mx\/index.php?rest_route=\/wp\/v2\/users\/2476"}],"replies":[{"embeddable":true,"href":"https:\/\/encuentroinformativo.com.mx\/index.php?rest_route=%2Fwp%2Fv2%2Fcomments&post=62793"}],"version-history":[{"count":1,"href":"https:\/\/encuentroinformativo.com.mx\/index.php?rest_route=\/wp\/v2\/posts\/62793\/revisions"}],"predecessor-version":[{"id":62795,"href":"https:\/\/encuentroinformativo.com.mx\/index.php?rest_route=\/wp\/v2\/posts\/62793\/revisions\/62795"}],"wp:featuredmedia":[{"embeddable":true,"href":"https:\/\/encuentroinformativo.com.mx\/index.php?rest_route=\/wp\/v2\/media\/62794"}],"wp:attachment":[{"href":"https:\/\/encuentroinformativo.com.mx\/index.php?rest_route=%2Fwp%2Fv2%2Fmedia&parent=62793"}],"wp:term":[{"taxonomy":"category","embeddable":true,"href":"https:\/\/encuentroinformativo.com.mx\/index.php?rest_route=%2Fwp%2Fv2%2Fcategories&post=62793"},{"taxonomy":"post_tag","embeddable":true,"href":"https:\/\/encuentroinformativo.com.mx\/index.php?rest_route=%2Fwp%2Fv2%2Ftags&post=62793"}],"curies":[{"name":"wp","href":"https:\/\/api.w.org\/{rel}","templated":true}]}}