{"id":62796,"date":"2025-01-17T17:54:43","date_gmt":"2025-01-17T23:54:43","guid":{"rendered":"https:\/\/encuentroinformativo.com.mx\/?p=62796"},"modified":"2025-01-17T17:54:43","modified_gmt":"2025-01-17T23:54:43","slug":"presenta-comision-de-seguridad-publica-sus-objetivos-de-trabajo","status":"publish","type":"post","link":"https:\/\/encuentroinformativo.com.mx\/?p=62796","title":{"rendered":"Presenta Comisi\u00f3n de Seguridad P\u00fablica sus objetivos de trabajo"},"content":{"rendered":"<p><strong>* En las instalaciones de la SSP y con la participaci\u00f3n del secretario Alfonso Reyes Garc\u00e9s, aprueban el diputado Adri\u00e1n \u00c1vila y la diputada Dorheny Garc\u00eda el Programa Anual de Trabajo.<\/strong><\/p>\n<p style=\"font-weight: 400;\">Xalapa, Ver.- En las instalaciones de la Secretar\u00eda de Seguridad P\u00fablica (SSP) y con la participaci\u00f3n del titular de esta dependencia, contralmirante Alfonso Reyes Garc\u00e9s, en calidad de testigo de honor, la Comisi\u00f3n Permanente de Seguridad P\u00fablica del Congreso del Estado, a trav\u00e9s del diputado Adri\u00e1n Sigfrido \u00c1vila Estrada y de la diputada Dorheny Garc\u00eda Cayetano, presidente y secretaria, respectivamente, aval\u00f3 y present\u00f3 su Programa Anual de Trabajo.<\/p>\n<p style=\"font-weight: 400;\">El legislador Adri\u00e1n \u00c1vila agradeci\u00f3 al secretario la disposici\u00f3n para atender esta audiencia, cuya finalidad es mostrar las principales acciones que la Comisi\u00f3n de Seguridad P\u00fablica prev\u00e9 implementar durante el a\u00f1o para coadyuvar con el Poder Ejecutivo en las estrategias y programas para beneficio de la poblaci\u00f3n.<\/p>\n<p style=\"font-weight: 400;\">\n<p style=\"font-weight: 400;\">En cuanto al contenido del programa, el diputado y las diputadas de la citada instancia legislativa consideran entre los objetivos espec\u00edficos responder de manera eficaz a la sociedad, dotando al estado de un marco jur\u00eddico adecuado en materia de seguridad p\u00fablica, con base en un trabajo productivo que permita dictaminar el mayor n\u00famero posible de iniciativas que les sean turnadas.<\/p>\n<p style=\"font-weight: 400;\">\n<p style=\"font-weight: 400;\">Asimismo, prev\u00e9n la coordinaci\u00f3n con instituciones de seguridad p\u00fablica, acad\u00e9micas, organizaciones civiles y personas en lo individual o colectivo, relacionadas con las actividades de seguridad p\u00fablica o interesadas en la misma para el trabajo eficiente.<\/p>\n<p style=\"font-weight: 400;\">\n<p style=\"font-weight: 400;\">En otras actividades, la comisi\u00f3n busca fomentar, a trav\u00e9s de la legislaci\u00f3n, la participaci\u00f3n ciudadana como coadyuvante en la supervisi\u00f3n y evaluaci\u00f3n en materia de seguridad p\u00fablica, as\u00ed como la realizaci\u00f3n de foros y consultas regionales en la materia, para tener indicadores de la situaci\u00f3n que prevalezca en cada zona.<\/p>\n<p style=\"font-weight: 400;\">\n<p style=\"font-weight: 400;\">Adem\u00e1s, se dar\u00e1 seguimiento a la armonizaci\u00f3n jur\u00eddica estatal que fortalezca la instrumentaci\u00f3n de las pol\u00edticas p\u00fablicas derivadas de las reformas constitucionales en materia de la Guardia Nacional (GN) y la legislaci\u00f3n secundaria que derive de la misma, aunado a la verificaci\u00f3n de la implementaci\u00f3n de la legislaci\u00f3n federal en el uso de la fuerza y de las disposiciones legales relativas al Sistema Nacional de Seguridad P\u00fablica.<\/p>\n<p style=\"font-weight: 400;\">\n<p style=\"font-weight: 400;\">Por \u00faltimo, el y las integrantes de la comisi\u00f3n acordaron que la calendarizaci\u00f3n de las reuniones de este \u00f3rgano dictaminador se realizar\u00e1 atendiendo las necesidades propias de la agenda y de los asuntos que sean turnados por la Mesa Directiva del Pleno o de la Diputaci\u00f3n Permanente, en el marco del Reglamento para el Gobierno Interior del Poder Legislativo.<\/p>\n","protected":false},"excerpt":{"rendered":"<p>* En las instalaciones de la SSP y con la participaci\u00f3n del secretario Alfonso Reyes Garc\u00e9s, aprueban el diputado Adri\u00e1n \u00c1vila y la diputada Dorheny Garc\u00eda el Programa Anual de Trabajo. Xalapa, Ver.- En las instalaciones de la Secretar\u00eda de Seguridad P\u00fablica (SSP) y con la participaci\u00f3n del titular de esta dependencia, contralmirante Alfonso Reyes [&hellip;]<\/p>\n","protected":false},"author":2476,"featured_media":62797,"comment_status":"open","ping_status":"open","sticky":false,"template":"","format":"standard","meta":{"_jetpack_memberships_contains_paid_content":false,"footnotes":""},"categories":[2],"tags":[],"class_list":["post-62796","post","type-post","status-publish","format-standard","has-post-thumbnail","hentry","category-estado"],"jetpack_featured_media_url":"https:\/\/encuentroinformativo.com.mx\/wp-content\/uploads\/2025\/01\/NOV17ENE2025SSP12-scaled.jpeg","jetpack_sharing_enabled":true,"jetpack_likes_enabled":true,"amp_enabled":true,"_links":{"self":[{"href":"https:\/\/encuentroinformativo.com.mx\/index.php?rest_route=\/wp\/v2\/posts\/62796","targetHints":{"allow":["GET"]}}],"collection":[{"href":"https:\/\/encuentroinformativo.com.mx\/index.php?rest_route=\/wp\/v2\/posts"}],"about":[{"href":"https:\/\/encuentroinformativo.com.mx\/index.php?rest_route=\/wp\/v2\/types\/post"}],"author":[{"embeddable":true,"href":"https:\/\/encuentroinformativo.com.mx\/index.php?rest_route=\/wp\/v2\/users\/2476"}],"replies":[{"embeddable":true,"href":"https:\/\/encuentroinformativo.com.mx\/index.php?rest_route=%2Fwp%2Fv2%2Fcomments&post=62796"}],"version-history":[{"count":1,"href":"https:\/\/encuentroinformativo.com.mx\/index.php?rest_route=\/wp\/v2\/posts\/62796\/revisions"}],"predecessor-version":[{"id":62798,"href":"https:\/\/encuentroinformativo.com.mx\/index.php?rest_route=\/wp\/v2\/posts\/62796\/revisions\/62798"}],"wp:featuredmedia":[{"embeddable":true,"href":"https:\/\/encuentroinformativo.com.mx\/index.php?rest_route=\/wp\/v2\/media\/62797"}],"wp:attachment":[{"href":"https:\/\/encuentroinformativo.com.mx\/index.php?rest_route=%2Fwp%2Fv2%2Fmedia&parent=62796"}],"wp:term":[{"taxonomy":"category","embeddable":true,"href":"https:\/\/encuentroinformativo.com.mx\/index.php?rest_route=%2Fwp%2Fv2%2Fcategories&post=62796"},{"taxonomy":"post_tag","embeddable":true,"href":"https:\/\/encuentroinformativo.com.mx\/index.php?rest_route=%2Fwp%2Fv2%2Ftags&post=62796"}],"curies":[{"name":"wp","href":"https:\/\/api.w.org\/{rel}","templated":true}]}}