{"id":62802,"date":"2025-01-17T19:55:08","date_gmt":"2025-01-18T01:55:08","guid":{"rendered":"https:\/\/encuentroinformativo.com.mx\/?p=62802"},"modified":"2025-01-17T19:55:08","modified_gmt":"2025-01-18T01:55:08","slug":"participa-congreso-de-veracruz-en-foro-del-plan-nacional-de-desarrollo","status":"publish","type":"post","link":"https:\/\/encuentroinformativo.com.mx\/?p=62802","title":{"rendered":"Participa Congreso de Veracruz en Foro del Plan Nacional de Desarrollo"},"content":{"rendered":"<p style=\"font-weight: 400;\"><strong>* Asiste la presidenta de la Mesa Directiva, diputada Tanya Carola Viveros Ch\u00e1zaro, a este di\u00e1logo para la construcci\u00f3n del documento rector de pol\u00edticas p\u00fablicas federales.<\/strong><\/p>\n<p style=\"font-weight: 400;\"><span style=\"font-size: 1rem;\">Xalapa, Ver.- La presidenta de la Mesa Directiva de la LXVII Legislatura del Estado de Veracruz, diputada Tanya Carola Viveros Ch\u00e1zaro, encabez\u00f3 el grupo de diputadas y diputados que asistieron al Foro de Consulta del Plan Nacional de Desarrollo 2025-2030, denominado Desarrollo con bienestar y humanidad \/ Igualdad sustantiva y derechos de las mujeres, convocado por el Gobierno de M\u00e9xico, presidido por la doctora Claudia Sheinbaum Pardo.<\/span><\/p>\n<p style=\"font-weight: 400;\">A este encuentro, celebrado en el Kan\u00e1, Museo de Ciencia y Tecnolog\u00eda de Veracruz, en esta ciudad, asisti\u00f3 la gobernadora de Veracruz, Roc\u00edo Nahle Garc\u00eda; el presidente de la Comisi\u00f3n Permanente de Educaci\u00f3n y Cultura, diputado Jos\u00e9 Reveriano Mar\u00edn Hern\u00e1ndez, as\u00ed como las legisladoras Valeria M\u00e9ndez Moctezuma, Liud Herrera F\u00e9lix, Ingrid Jeny Calder\u00f3n Dom\u00ednguez y Victoria Guti\u00e9rrez P\u00e9rez.<\/p>\n<p style=\"font-weight: 400;\">Adem\u00e1s, de los titulares de las secretar\u00edas de Educaci\u00f3n P\u00fablica (SEP), Mario Delgado Carrillo, y de Educaci\u00f3n de Veracruz (SEV), Claudia Tello Espinosa, as\u00ed como funcionarios federales, estatales y municipales.<\/p>\n<p style=\"font-weight: 400;\">Los foros para el PND representan el espacio para que el Gobierno de M\u00e9xico reciba las propuestas de los diversos sectores de la sociedad, con temas de inter\u00e9s general y que busquen el bien com\u00fan, priorizando las principales necesidades sociales. De esta manera, el Poder Ejecutivo federal podr\u00e1 definir las estrategias, pol\u00edticas p\u00fablicas y programas encaminados a satisfacer estas demandas.<\/p>\n<p><img loading=\"lazy\" decoding=\"async\" class=\"alignnone size-medium wp-image-62804\" src=\"https:\/\/encuentroinformativo.com.mx\/wp-content\/uploads\/2025\/01\/NOV17ENE2025PND2-300x200.jpeg\" alt=\"\" width=\"300\" height=\"200\" srcset=\"https:\/\/encuentroinformativo.com.mx\/wp-content\/uploads\/2025\/01\/NOV17ENE2025PND2-300x200.jpeg 300w, https:\/\/encuentroinformativo.com.mx\/wp-content\/uploads\/2025\/01\/NOV17ENE2025PND2-1024x683.jpeg 1024w, https:\/\/encuentroinformativo.com.mx\/wp-content\/uploads\/2025\/01\/NOV17ENE2025PND2-768x512.jpeg 768w, https:\/\/encuentroinformativo.com.mx\/wp-content\/uploads\/2025\/01\/NOV17ENE2025PND2-1536x1025.jpeg 1536w, https:\/\/encuentroinformativo.com.mx\/wp-content\/uploads\/2025\/01\/NOV17ENE2025PND2-2048x1367.jpeg 2048w\" sizes=\"auto, (max-width: 300px) 100vw, 300px\" \/><\/p>\n","protected":false},"excerpt":{"rendered":"<p>* Asiste la presidenta de la Mesa Directiva, diputada Tanya Carola Viveros Ch\u00e1zaro, a este di\u00e1logo para la construcci\u00f3n del documento rector de pol\u00edticas p\u00fablicas federales. Xalapa, Ver.- La presidenta de la Mesa Directiva de la LXVII Legislatura del Estado de Veracruz, diputada Tanya Carola Viveros Ch\u00e1zaro, encabez\u00f3 el grupo de diputadas y diputados que [&hellip;]<\/p>\n","protected":false},"author":2476,"featured_media":62803,"comment_status":"open","ping_status":"open","sticky":false,"template":"","format":"standard","meta":{"_jetpack_memberships_contains_paid_content":false,"footnotes":""},"categories":[2],"tags":[],"class_list":["post-62802","post","type-post","status-publish","format-standard","has-post-thumbnail","hentry","category-estado"],"jetpack_featured_media_url":"https:\/\/encuentroinformativo.com.mx\/wp-content\/uploads\/2025\/01\/NOV17ENE2025PND1-scaled.jpeg","jetpack_sharing_enabled":true,"jetpack_likes_enabled":true,"amp_enabled":true,"_links":{"self":[{"href":"https:\/\/encuentroinformativo.com.mx\/index.php?rest_route=\/wp\/v2\/posts\/62802","targetHints":{"allow":["GET"]}}],"collection":[{"href":"https:\/\/encuentroinformativo.com.mx\/index.php?rest_route=\/wp\/v2\/posts"}],"about":[{"href":"https:\/\/encuentroinformativo.com.mx\/index.php?rest_route=\/wp\/v2\/types\/post"}],"author":[{"embeddable":true,"href":"https:\/\/encuentroinformativo.com.mx\/index.php?rest_route=\/wp\/v2\/users\/2476"}],"replies":[{"embeddable":true,"href":"https:\/\/encuentroinformativo.com.mx\/index.php?rest_route=%2Fwp%2Fv2%2Fcomments&post=62802"}],"version-history":[{"count":1,"href":"https:\/\/encuentroinformativo.com.mx\/index.php?rest_route=\/wp\/v2\/posts\/62802\/revisions"}],"predecessor-version":[{"id":62805,"href":"https:\/\/encuentroinformativo.com.mx\/index.php?rest_route=\/wp\/v2\/posts\/62802\/revisions\/62805"}],"wp:featuredmedia":[{"embeddable":true,"href":"https:\/\/encuentroinformativo.com.mx\/index.php?rest_route=\/wp\/v2\/media\/62803"}],"wp:attachment":[{"href":"https:\/\/encuentroinformativo.com.mx\/index.php?rest_route=%2Fwp%2Fv2%2Fmedia&parent=62802"}],"wp:term":[{"taxonomy":"category","embeddable":true,"href":"https:\/\/encuentroinformativo.com.mx\/index.php?rest_route=%2Fwp%2Fv2%2Fcategories&post=62802"},{"taxonomy":"post_tag","embeddable":true,"href":"https:\/\/encuentroinformativo.com.mx\/index.php?rest_route=%2Fwp%2Fv2%2Ftags&post=62802"}],"curies":[{"name":"wp","href":"https:\/\/api.w.org\/{rel}","templated":true}]}}