{"id":62806,"date":"2025-01-18T12:56:03","date_gmt":"2025-01-18T18:56:03","guid":{"rendered":"https:\/\/encuentroinformativo.com.mx\/?p=62806"},"modified":"2025-01-18T12:56:03","modified_gmt":"2025-01-18T18:56:03","slug":"todos-la-ven-menos-zepeta","status":"publish","type":"post","link":"https:\/\/encuentroinformativo.com.mx\/?p=62806","title":{"rendered":"TODOS LA VEN, MENOS ZEPETA"},"content":{"rendered":"<p dir=\"ltr\"><strong>Los Pol\u00edticos<\/strong><\/p>\n<p dir=\"ltr\" style=\"text-align: left;\"><strong><span style=\"font-size: 1rem;\">Salvador Mu\u00f1oz<\/span><\/strong><\/p>\n<p dir=\"ltr\"><span style=\"font-size: 1rem;\">Conforme se dan a conocer a los aspiracionistas a una candidatura por una presidencia municipal, es inevitable percibir el malestar que genera entre los que se llaman Morenos Puros, cuando dan cuenta de los personajes que ahora ya se visten de guinda.<\/span><\/p>\n<p dir=\"ltr\">La reserva del derecho de admisi\u00f3n para muchos Morenos Puros, se convirti\u00f3 en una puerta amplia, muy holgada, para quienes antes vest\u00edan de azul o tricolor, hoy de repente, se tomaron en serio eso de la Transformaci\u00f3n.<\/p>\n<p dir=\"ltr\">Y esto no s\u00f3lo ocurre en determinados municipios\u2026 lo mismo se da en grandes, medianos y peque\u00f1os\u2026 ninguno se salva de lo que llaman los Morenos Puros, Arribistas, Oportunistas, Vividores, etc\u00e9tera.<\/p>\n<p dir=\"ltr\">El \u00faltimo caso del que dieron cuenta, es en Comapa, donde luego de que Carmen Cant\u00f3n Croda diera a conocer sus aspiraciones para contender por la candidatura.<\/p>\n<p dir=\"ltr\">El hecho no tendr\u00eda nada de extraordinario de no ser por una serie de detalles que enmarcan el registro de esta se\u00f1ora.<\/p>\n<p dir=\"ltr\">El primero, para los morenos, es que Carmen Cant\u00f3n ha pasado por las siglas del PAN y del PRI. Lo segundo, es que bajo esas siglas, su familia estuvo \u201creinando\u201d por espacio de dos d\u00e9cadas, ya fuera el padre, el hermano, el nieto, etc\u00e9tera; incluso, ella misma fue presidenta municipal.<\/p>\n<p dir=\"ltr\">Entre el Chapulineo y el Nepotismo, Carmen Cant\u00f3n Croda parece cumplir los requisitos para ser rechazada por la militancia morenista, pero no para la dirigencia partidista.<\/p>\n<p dir=\"ltr\">Aunque si eso fuera poco, si hay algo para recordar de Carmen Cant\u00f3n Croda y su paso por la presidencia municipal hace ya casi dos periodos, fue cuando decenas de familias se manifestaron acusando a la alcaldesa de hab\u00e9rselos llevado al baile con las construcciones de unas casas por las que aportaron unos 15 mil pesos\u2026 y no hubo casa\u2026 calculan que m\u00e1s de seis millones de pesos fueron los perdidos por decenas de familias.<\/p>\n<p dir=\"ltr\">A ello se le suma la nota que publica \u201cReporte \u00cdndigo\u201d donde dan la otra cara de Carmen Cant\u00f3n Croda: su relaci\u00f3n sentimental con el Crimen Organizado.<\/p>\n<p dir=\"ltr\">(<a href=\"https:\/\/www.reporteindigo.com\/reporte\/carmen-canton-un-perfil-cuestionable-que-busca-gobernar-comapa\/\" target=\"_blank\" rel=\"noopener noreferrer\" data-saferedirecturl=\"https:\/\/www.google.com\/url?q=https:\/\/www.reporteindigo.com\/reporte\/carmen-canton-un-perfil-cuestionable-que-busca-gobernar-comapa\/&amp;source=gmail&amp;ust=1737295261193000&amp;usg=AOvVaw1XX9qf702U9bjsCZ2SRI-D\">https:\/\/www.reporteindigo.<wbr \/>com\/reporte\/carmen-canton-un-<wbr \/>perfil-cuestionable-que-busca-<wbr \/>gobernar-comapa\/<\/a>)<\/p>\n<p dir=\"ltr\">\u201cCarmen Cant\u00f3n es pareja de Apolo Omar Escalona Barradas, quien fue detenido en 2023 por el delito de secuestro y su cu\u00f1ado es Manuel Escalona Barradas \u201cEl cachorro\u201d, excomandante de la polic\u00eda municipal de Ciudad Mendoza, detenido en 2016 y acusado de los delitos de trasiego, venta de droga, secuestro, extracci\u00f3n ilegal de hidrocarburos y asesinato\u201d.<\/p>\n<p dir=\"ltr\">As\u00ed lo puso \u201cReporte \u00cdndigo\u201d\u2026 As\u00ed la ven en Comapa\u2026 As\u00ed la ven los morenos de Comapa\u2026 pero tal parece que el \u00fanico que no la ve es Esteban Ram\u00edrez Zepeta\u2026 \u00bfLa ver\u00e1 la Gobernadora?<\/p>\n","protected":false},"excerpt":{"rendered":"<p>Los Pol\u00edticos Salvador Mu\u00f1oz Conforme se dan a conocer a los aspiracionistas a una candidatura por una presidencia municipal, es inevitable percibir el malestar que genera entre los que se llaman Morenos Puros, cuando dan cuenta de los personajes que ahora ya se visten de guinda. La reserva del derecho de admisi\u00f3n para muchos Morenos [&hellip;]<\/p>\n","protected":false},"author":2476,"featured_media":387,"comment_status":"open","ping_status":"open","sticky":false,"template":"","format":"standard","meta":{"_jetpack_memberships_contains_paid_content":false,"footnotes":""},"categories":[11],"tags":[],"class_list":["post-62806","post","type-post","status-publish","format-standard","has-post-thumbnail","hentry","category-opinion"],"jetpack_featured_media_url":"https:\/\/encuentroinformativo.com.mx\/wp-content\/uploads\/2020\/03\/7CF8A22B-2764-47BE-8F7F-38FE9E5D6A2F.jpeg","jetpack_sharing_enabled":true,"jetpack_likes_enabled":true,"amp_enabled":true,"_links":{"self":[{"href":"https:\/\/encuentroinformativo.com.mx\/index.php?rest_route=\/wp\/v2\/posts\/62806","targetHints":{"allow":["GET"]}}],"collection":[{"href":"https:\/\/encuentroinformativo.com.mx\/index.php?rest_route=\/wp\/v2\/posts"}],"about":[{"href":"https:\/\/encuentroinformativo.com.mx\/index.php?rest_route=\/wp\/v2\/types\/post"}],"author":[{"embeddable":true,"href":"https:\/\/encuentroinformativo.com.mx\/index.php?rest_route=\/wp\/v2\/users\/2476"}],"replies":[{"embeddable":true,"href":"https:\/\/encuentroinformativo.com.mx\/index.php?rest_route=%2Fwp%2Fv2%2Fcomments&post=62806"}],"version-history":[{"count":1,"href":"https:\/\/encuentroinformativo.com.mx\/index.php?rest_route=\/wp\/v2\/posts\/62806\/revisions"}],"predecessor-version":[{"id":62807,"href":"https:\/\/encuentroinformativo.com.mx\/index.php?rest_route=\/wp\/v2\/posts\/62806\/revisions\/62807"}],"wp:featuredmedia":[{"embeddable":true,"href":"https:\/\/encuentroinformativo.com.mx\/index.php?rest_route=\/wp\/v2\/media\/387"}],"wp:attachment":[{"href":"https:\/\/encuentroinformativo.com.mx\/index.php?rest_route=%2Fwp%2Fv2%2Fmedia&parent=62806"}],"wp:term":[{"taxonomy":"category","embeddable":true,"href":"https:\/\/encuentroinformativo.com.mx\/index.php?rest_route=%2Fwp%2Fv2%2Fcategories&post=62806"},{"taxonomy":"post_tag","embeddable":true,"href":"https:\/\/encuentroinformativo.com.mx\/index.php?rest_route=%2Fwp%2Fv2%2Ftags&post=62806"}],"curies":[{"name":"wp","href":"https:\/\/api.w.org\/{rel}","templated":true}]}}