{"id":62814,"date":"2025-01-19T14:17:48","date_gmt":"2025-01-19T20:17:48","guid":{"rendered":"https:\/\/encuentroinformativo.com.mx\/?p=62814"},"modified":"2025-01-19T14:17:48","modified_gmt":"2025-01-19T20:17:48","slug":"cuales-son-las-vidas-que-importan","status":"publish","type":"post","link":"https:\/\/encuentroinformativo.com.mx\/?p=62814","title":{"rendered":"\u00bfCu\u00e1les son las vidas que importan?"},"content":{"rendered":"<p><strong><span style=\"font-size: 1rem;\">Columna de Opini\u00f3n<\/span><\/strong><\/p>\n<p><strong>Zaira Rosas<\/strong><\/p>\n<p>\u00bfQu\u00e9 vidas vale la pena proteger? Fue la pregunta que hizo una amiga al compartirnos su perspectiva respecto a la violencia que vivimos en el mundo, comenzamos a hacer un an\u00e1lisis al respecto y como principio general concluimos que toda vida merec\u00eda ser defendida, \u00bfpero realmente pensamos as\u00ed de manera cotidiana?<\/p>\n<p>La pregunta inicial la plantea Judith Butler, al igual que otras como \u00bfQu\u00e9 vidas merecen ser lloradas?<\/p>\n<p>Claramente no pensamos que todas, pues priorizamos a unas por encima de otras. No es casualidad que frente a desastres naturales y el cambio clim\u00e1tico actuemos de manera omisa salvo que el morbo nos atrape cuando se trata de la vida de las celebridades.<\/p>\n<p>De igual forma damos mayor valor a las vidas medi\u00e1ticas, aquellas que conocemos y con las cuales desarrollamos un v\u00ednculo de empat\u00eda, \u00bfverdaderamente nos importa el otro? O es que el otro tiene similitudes con mi vida y es hasta entonces que consideramos que algo semejante nos puede ocurrir. Estos cuestionamientos son parte de nuestra cotidianidad y hemos normalizado a tal punto la indiferencia que quiz\u00e1s ni siquiera somos capaces de percatarnos cuando la ejercemos.<\/p>\n<p>M\u00e1s de 70,000 personas han muerto por los conflictos armados entre Israel y Palestina, un tercio de este n\u00famero eran ni\u00f1os. A la par desde 2022 se ha desarrollado una guerra entre Rusia y Ucrania, a la que ya no prestamos atenci\u00f3n porque dej\u00f3 de ser novedad y se trata de una frontera distinta a la nuestra.<\/p>\n<p>\u00bfQu\u00e9 tiene que pasar para que lo sucedido en distintas partes del mundo nos importe? \u00bfde qu\u00e9 magnitud tiene que ser el da\u00f1o para voltear a las distintas realidades? Incluso la situaci\u00f3n de M\u00e9xico como el narcotr\u00e1fico y las personas desaparecidas pueden pasar como un tema trivial para personas de otras nacionalidades.<\/p>\n<p>Quiz\u00e1s la percepci\u00f3n que tienen otros de nuestra cotidianidad nos resulta ofensiva, pero \u00bfcu\u00e1ntas veces hemos actuado igual respecto a lo vivido en otras naciones? Es probable que la vida nos importa hasta que algo toca alguna fibra de nuestro ser, puede ser empat\u00eda, pero tambi\u00e9n es el ego\u00edsmo de sabernos amenazados y ver que puede estar cerca un peligro inminente.<\/p>\n<p>Nos import\u00f3 qu\u00e9 ocurr\u00eda al otro lado del mundo hasta que un virus desconoci\u00f3 de fronteras y nacionalidades, solo ah\u00ed unimos esfuerzos y compartimos toda investigaci\u00f3n al respecto y despu\u00e9s de a\u00f1os de confinamiento pensar\u00edamos que algo aprendimos, pero ahora con nuevas cat\u00e1strofes pidiendo una atenci\u00f3n colectiva es probable que retornemos al mismo punto.<\/p>\n<p>No se trata solo de las vidas que importan, se trata de la era que pide a gritos de una colectividad donde reconozcamos nuestra humanidad y por ende la vulnerabilidad y fragilidad de la misma. Se trata del respeto que deber\u00edamos brindarnos no solo entre humanos sino a la casa com\u00fan y otras especies si no por empat\u00eda al menos por un ego\u00edsmo colectivo que busque preservarnos en la tierra.<\/p>\n<p>Los incendios, las guerras, la violencia, los cambios pol\u00edticos tan polarizados y el cambio clim\u00e1tico, son alertas que nos invitan a repensar \u00bfqu\u00e9 queremos hacer en esta vida? No se trata s\u00f3lo de lo que debimos hacer antes para evitarlo, pero s\u00ed de lo que podemos hacer desde ahora y responsabiliz\u00e1ndonos desde nuestras capacidades y nuestros peque\u00f1os o grandes espacios. En medio de noticias de crisis, si a\u00fan hay vida, hay esperanza.<\/p>\n","protected":false},"excerpt":{"rendered":"<p>Columna de Opini\u00f3n Zaira Rosas \u00bfQu\u00e9 vidas vale la pena proteger? Fue la pregunta que hizo una amiga al compartirnos su perspectiva respecto a la violencia que vivimos en el mundo, comenzamos a hacer un an\u00e1lisis al respecto y como principio general concluimos que toda vida merec\u00eda ser defendida, \u00bfpero realmente pensamos as\u00ed de manera [&hellip;]<\/p>\n","protected":false},"author":2476,"featured_media":387,"comment_status":"open","ping_status":"open","sticky":false,"template":"","format":"standard","meta":{"_jetpack_memberships_contains_paid_content":false,"footnotes":""},"categories":[11],"tags":[],"class_list":["post-62814","post","type-post","status-publish","format-standard","has-post-thumbnail","hentry","category-opinion"],"jetpack_featured_media_url":"https:\/\/encuentroinformativo.com.mx\/wp-content\/uploads\/2020\/03\/7CF8A22B-2764-47BE-8F7F-38FE9E5D6A2F.jpeg","jetpack_sharing_enabled":true,"jetpack_likes_enabled":true,"amp_enabled":true,"_links":{"self":[{"href":"https:\/\/encuentroinformativo.com.mx\/index.php?rest_route=\/wp\/v2\/posts\/62814","targetHints":{"allow":["GET"]}}],"collection":[{"href":"https:\/\/encuentroinformativo.com.mx\/index.php?rest_route=\/wp\/v2\/posts"}],"about":[{"href":"https:\/\/encuentroinformativo.com.mx\/index.php?rest_route=\/wp\/v2\/types\/post"}],"author":[{"embeddable":true,"href":"https:\/\/encuentroinformativo.com.mx\/index.php?rest_route=\/wp\/v2\/users\/2476"}],"replies":[{"embeddable":true,"href":"https:\/\/encuentroinformativo.com.mx\/index.php?rest_route=%2Fwp%2Fv2%2Fcomments&post=62814"}],"version-history":[{"count":1,"href":"https:\/\/encuentroinformativo.com.mx\/index.php?rest_route=\/wp\/v2\/posts\/62814\/revisions"}],"predecessor-version":[{"id":62815,"href":"https:\/\/encuentroinformativo.com.mx\/index.php?rest_route=\/wp\/v2\/posts\/62814\/revisions\/62815"}],"wp:featuredmedia":[{"embeddable":true,"href":"https:\/\/encuentroinformativo.com.mx\/index.php?rest_route=\/wp\/v2\/media\/387"}],"wp:attachment":[{"href":"https:\/\/encuentroinformativo.com.mx\/index.php?rest_route=%2Fwp%2Fv2%2Fmedia&parent=62814"}],"wp:term":[{"taxonomy":"category","embeddable":true,"href":"https:\/\/encuentroinformativo.com.mx\/index.php?rest_route=%2Fwp%2Fv2%2Fcategories&post=62814"},{"taxonomy":"post_tag","embeddable":true,"href":"https:\/\/encuentroinformativo.com.mx\/index.php?rest_route=%2Fwp%2Fv2%2Ftags&post=62814"}],"curies":[{"name":"wp","href":"https:\/\/api.w.org\/{rel}","templated":true}]}}