{"id":62830,"date":"2025-01-20T13:38:00","date_gmt":"2025-01-20T19:38:00","guid":{"rendered":"https:\/\/encuentroinformativo.com.mx\/?p=62830"},"modified":"2025-01-20T13:38:00","modified_gmt":"2025-01-20T19:38:00","slug":"de-rodillas-jamas-encabeza-diputada-protesta-contra-trump","status":"publish","type":"post","link":"https:\/\/encuentroinformativo.com.mx\/?p=62830","title":{"rendered":"&#8220;De rodillas jam\u00e1s&#8221;, encabeza Diputada protesta contra Trump"},"content":{"rendered":"<p><strong><span style=\"font-size: 1rem;\">Dar\u00edo Pale<\/span><\/strong><\/p>\n<p>Xalapa, Ver.- La diputada local de Morena, Victoria Guti\u00e9rrez P\u00e9rez protest\u00f3 en plaza Lerdo, junto con un grupo de personas para manifestar que los mexicanos &#8220;de rodillas jam\u00e1s&#8221;, esto a unas horas de la toma de protesta de Donald Trump como presidente de Estados Unidos.<\/p>\n<p>En entrevista dijo que la manifestaci\u00f3n se debe a que Trump anunci\u00f3 que habr\u00e1 detenciones y deportaciones de inmigrantes de forma masiva a partir de esta misma semana.<\/p>\n<p>\u201cPara cuando el sol se ponga ma\u00f1ana por la tarde, la invasi\u00f3n de nuestras fronteras se habr\u00e1 detenido, y todos los intrusos ilegales estar\u00e1n, de una forma u otra, de camino de vuelta a casa\u201d, advirti\u00f3.<\/p>\n<p>Es as\u00ed que en la plaza p\u00fablica reparti\u00f3 un volante e invit\u00f3 a los xalape\u00f1os a sumarse.<\/p>\n<p>&#8220;Hoy el mensaje es para nuestra presidenta Claudia Sheinbaum, un abrazo de unidad. Desde Xalapa manifestamos que nuestra presidenta no est\u00e1 sola\u201d, se\u00f1al\u00f3.<\/p>\n<p>\u201cQue M\u00e9xico se respeta, es un pa\u00eds que desde el segundo piso y desde que Andr\u00e9s Manuel tom\u00f3 la presidencia de M\u00e9xico, nos dej\u00f3 un legado de respeto, de unidad, ese el mensaje que queremos enviar&#8221;, agreg\u00f3.<\/p>\n<p>Al grito de \u00a1no est\u00e1s sola, no est\u00e1s sola!, los manifestantes resaltaron la fuerza de la mandataria federal y la manera en la que est\u00e1 manejando al Pa\u00eds por ese amor que le tiene a la naci\u00f3n.<\/p>\n<p>Desde esta ciudad enviaron un mensaje a los connacionales para expresarles su solidaridad y respaldo.<\/p>\n<p>Por \u00faltimo los integrantes del Grupo Pol\u00edtico &#8220;Haciendo Historia&#8221;, se manifestaron en contra del facismo y de que el presidente electo Donald Trump, intervenga en la vida pol\u00edtica de M\u00e9xico.<\/p>\n<p><img loading=\"lazy\" decoding=\"async\" class=\"alignnone size-medium wp-image-62832\" src=\"https:\/\/encuentroinformativo.com.mx\/wp-content\/uploads\/2025\/01\/IMG-20250120-WA0109-300x225.jpg\" alt=\"\" width=\"300\" height=\"225\" srcset=\"https:\/\/encuentroinformativo.com.mx\/wp-content\/uploads\/2025\/01\/IMG-20250120-WA0109-300x225.jpg 300w, https:\/\/encuentroinformativo.com.mx\/wp-content\/uploads\/2025\/01\/IMG-20250120-WA0109-1024x768.jpg 1024w, https:\/\/encuentroinformativo.com.mx\/wp-content\/uploads\/2025\/01\/IMG-20250120-WA0109-768x576.jpg 768w, https:\/\/encuentroinformativo.com.mx\/wp-content\/uploads\/2025\/01\/IMG-20250120-WA0109-1536x1152.jpg 1536w, https:\/\/encuentroinformativo.com.mx\/wp-content\/uploads\/2025\/01\/IMG-20250120-WA0109.jpg 1600w\" sizes=\"auto, (max-width: 300px) 100vw, 300px\" \/><\/p>\n","protected":false},"excerpt":{"rendered":"<p>Dar\u00edo Pale Xalapa, Ver.- La diputada local de Morena, Victoria Guti\u00e9rrez P\u00e9rez protest\u00f3 en plaza Lerdo, junto con un grupo de personas para manifestar que los mexicanos &#8220;de rodillas jam\u00e1s&#8221;, esto a unas horas de la toma de protesta de Donald Trump como presidente de Estados Unidos. En entrevista dijo que la manifestaci\u00f3n se debe [&hellip;]<\/p>\n","protected":false},"author":2476,"featured_media":62831,"comment_status":"open","ping_status":"open","sticky":false,"template":"","format":"standard","meta":{"_jetpack_memberships_contains_paid_content":false,"footnotes":""},"categories":[2],"tags":[],"class_list":["post-62830","post","type-post","status-publish","format-standard","has-post-thumbnail","hentry","category-estado"],"jetpack_featured_media_url":"https:\/\/encuentroinformativo.com.mx\/wp-content\/uploads\/2025\/01\/IMG-20250120-WA0106.jpg","jetpack_sharing_enabled":true,"jetpack_likes_enabled":true,"amp_enabled":true,"_links":{"self":[{"href":"https:\/\/encuentroinformativo.com.mx\/index.php?rest_route=\/wp\/v2\/posts\/62830","targetHints":{"allow":["GET"]}}],"collection":[{"href":"https:\/\/encuentroinformativo.com.mx\/index.php?rest_route=\/wp\/v2\/posts"}],"about":[{"href":"https:\/\/encuentroinformativo.com.mx\/index.php?rest_route=\/wp\/v2\/types\/post"}],"author":[{"embeddable":true,"href":"https:\/\/encuentroinformativo.com.mx\/index.php?rest_route=\/wp\/v2\/users\/2476"}],"replies":[{"embeddable":true,"href":"https:\/\/encuentroinformativo.com.mx\/index.php?rest_route=%2Fwp%2Fv2%2Fcomments&post=62830"}],"version-history":[{"count":1,"href":"https:\/\/encuentroinformativo.com.mx\/index.php?rest_route=\/wp\/v2\/posts\/62830\/revisions"}],"predecessor-version":[{"id":62833,"href":"https:\/\/encuentroinformativo.com.mx\/index.php?rest_route=\/wp\/v2\/posts\/62830\/revisions\/62833"}],"wp:featuredmedia":[{"embeddable":true,"href":"https:\/\/encuentroinformativo.com.mx\/index.php?rest_route=\/wp\/v2\/media\/62831"}],"wp:attachment":[{"href":"https:\/\/encuentroinformativo.com.mx\/index.php?rest_route=%2Fwp%2Fv2%2Fmedia&parent=62830"}],"wp:term":[{"taxonomy":"category","embeddable":true,"href":"https:\/\/encuentroinformativo.com.mx\/index.php?rest_route=%2Fwp%2Fv2%2Fcategories&post=62830"},{"taxonomy":"post_tag","embeddable":true,"href":"https:\/\/encuentroinformativo.com.mx\/index.php?rest_route=%2Fwp%2Fv2%2Ftags&post=62830"}],"curies":[{"name":"wp","href":"https:\/\/api.w.org\/{rel}","templated":true}]}}