{"id":62835,"date":"2025-01-20T14:34:37","date_gmt":"2025-01-20T20:34:37","guid":{"rendered":"https:\/\/encuentroinformativo.com.mx\/?p=62835"},"modified":"2025-01-20T14:34:37","modified_gmt":"2025-01-20T20:34:37","slug":"en-las-vigas-pobladores-se-quejan-de-rastro-clandestino","status":"publish","type":"post","link":"https:\/\/encuentroinformativo.com.mx\/?p=62835","title":{"rendered":"En Las Vigas, pobladores se quejan de rastro clandestino"},"content":{"rendered":"<p><strong style=\"font-size: 1rem;\">Dar\u00edo Pale<\/strong><\/p>\n<p>Xalapa, Ver.- Vecinos del municipio de Las Vigas de Ram\u00edrez mediante un escrito hacen una denuncia ciudadano donde por obvias razones se omiten los nombres por temor a represalias, por la omisi\u00f3n de las autoridades municipales ante la instalaci\u00f3n de un rastro clandestino de porcinos.<\/p>\n<p>En dicho documento dan a conocer las diferentes irregularidades en las que incurre este matadero de cerdos, ya que tambi\u00e9n contamina un pozo de agua la cual es de vital importancia para la ciudadan\u00eda, por lo que mandan lo siguente:<\/p>\n<p>\u201cLos vecinos de la calle 2 de abril, de Las Vigas de Ram\u00edrez, queremos hacer una denuncia ciudadana, por la omisi\u00f3n de las autoridades municipales del H. Ayuntamiento de Las Vigas de Ram\u00edrez, ante la instalaci\u00f3n de un rastro clandestino de porcinos que llevaba operando m\u00e1s de un a\u00f1o, no entendemos por qu\u00e9 raz\u00f3n le dieron el permiso, ya que est\u00e1 en una zona donde hay varias viviendas.<\/p>\n<p>En la parte de atr\u00e1s colinda con una escuela primaria y est\u00e1 a dos cuadras del centro, deber\u00edan de verificar las condiciones en las que opera este rastro, no tiene la higiene adecuada para procesar la carne y menos para comercializarla, y lo m\u00e1s importante es que contamina el POZO DE AGUA, la cual es de suma importancia para los habitantes de las vigas.<\/p>\n<p>Cuando hay escasez de agua muchas familias vienen aqu\u00ed a llenar sus cisternas para consumo humano, y el problema con el rastro es que est\u00e1 exactamente junto al pozo, todos los orines de los porcinos se escurren, al igual que la sangre cuando matan, todo esto se infiltra en la tierra y contamina el agua que nace.<\/p>\n<p>Por las noches queman las v\u00edsceras y toda la piel de los animales, lo que desprende olores que son extremadamente fuertes, a\u00f1adido a la peste de olor f\u00e9tido durante todo el d\u00eda, otro gran problema es que desde que abri\u00f3 este rastro, se origin\u00f3 una plaga de ratas, las familias sufren porque constantemente se meten a las casas y se aprecian afuera de este lugar, recordemos que estos roedores son portadores de la rabia.<\/p>\n<p>Solicitamos la intervenci\u00f3n de Gobierno del Estado, ya obra una denuncia ciudadana n\u00famero 0238, en contra de rastro clandestino de porcinos y\/o quien resulte responsable; relativa a la afectaci\u00f3n por olores f\u00e9tidos, que est\u00e1 ocasionando un severo impacto ambiental y un riesgo para la salud de los habitantes de la zona\u201d.<\/p>\n<p>Finaliza el documento.<\/p>\n<p><img loading=\"lazy\" decoding=\"async\" class=\"alignnone size-medium wp-image-62837\" src=\"https:\/\/encuentroinformativo.com.mx\/wp-content\/uploads\/2025\/01\/IMG-20250120-WA0185-300x239.jpg\" alt=\"\" width=\"300\" height=\"239\" srcset=\"https:\/\/encuentroinformativo.com.mx\/wp-content\/uploads\/2025\/01\/IMG-20250120-WA0185-300x239.jpg 300w, https:\/\/encuentroinformativo.com.mx\/wp-content\/uploads\/2025\/01\/IMG-20250120-WA0185-768x612.jpg 768w, https:\/\/encuentroinformativo.com.mx\/wp-content\/uploads\/2025\/01\/IMG-20250120-WA0185.jpg 869w\" sizes=\"auto, (max-width: 300px) 100vw, 300px\" \/><\/p>\n","protected":false},"excerpt":{"rendered":"<p>Dar\u00edo Pale Xalapa, Ver.- Vecinos del municipio de Las Vigas de Ram\u00edrez mediante un escrito hacen una denuncia ciudadano donde por obvias razones se omiten los nombres por temor a represalias, por la omisi\u00f3n de las autoridades municipales ante la instalaci\u00f3n de un rastro clandestino de porcinos. En dicho documento dan a conocer las diferentes [&hellip;]<\/p>\n","protected":false},"author":2476,"featured_media":62836,"comment_status":"open","ping_status":"open","sticky":false,"template":"","format":"standard","meta":{"_jetpack_memberships_contains_paid_content":false,"footnotes":""},"categories":[8],"tags":[],"class_list":["post-62835","post","type-post","status-publish","format-standard","has-post-thumbnail","hentry","category-region"],"jetpack_featured_media_url":"https:\/\/encuentroinformativo.com.mx\/wp-content\/uploads\/2025\/01\/IMG-20250120-WA01832.jpg","jetpack_sharing_enabled":true,"jetpack_likes_enabled":true,"amp_enabled":true,"_links":{"self":[{"href":"https:\/\/encuentroinformativo.com.mx\/index.php?rest_route=\/wp\/v2\/posts\/62835","targetHints":{"allow":["GET"]}}],"collection":[{"href":"https:\/\/encuentroinformativo.com.mx\/index.php?rest_route=\/wp\/v2\/posts"}],"about":[{"href":"https:\/\/encuentroinformativo.com.mx\/index.php?rest_route=\/wp\/v2\/types\/post"}],"author":[{"embeddable":true,"href":"https:\/\/encuentroinformativo.com.mx\/index.php?rest_route=\/wp\/v2\/users\/2476"}],"replies":[{"embeddable":true,"href":"https:\/\/encuentroinformativo.com.mx\/index.php?rest_route=%2Fwp%2Fv2%2Fcomments&post=62835"}],"version-history":[{"count":2,"href":"https:\/\/encuentroinformativo.com.mx\/index.php?rest_route=\/wp\/v2\/posts\/62835\/revisions"}],"predecessor-version":[{"id":62839,"href":"https:\/\/encuentroinformativo.com.mx\/index.php?rest_route=\/wp\/v2\/posts\/62835\/revisions\/62839"}],"wp:featuredmedia":[{"embeddable":true,"href":"https:\/\/encuentroinformativo.com.mx\/index.php?rest_route=\/wp\/v2\/media\/62836"}],"wp:attachment":[{"href":"https:\/\/encuentroinformativo.com.mx\/index.php?rest_route=%2Fwp%2Fv2%2Fmedia&parent=62835"}],"wp:term":[{"taxonomy":"category","embeddable":true,"href":"https:\/\/encuentroinformativo.com.mx\/index.php?rest_route=%2Fwp%2Fv2%2Fcategories&post=62835"},{"taxonomy":"post_tag","embeddable":true,"href":"https:\/\/encuentroinformativo.com.mx\/index.php?rest_route=%2Fwp%2Fv2%2Ftags&post=62835"}],"curies":[{"name":"wp","href":"https:\/\/api.w.org\/{rel}","templated":true}]}}