{"id":62855,"date":"2025-01-20T17:26:04","date_gmt":"2025-01-20T23:26:04","guid":{"rendered":"https:\/\/encuentroinformativo.com.mx\/?p=62855"},"modified":"2025-01-20T17:26:04","modified_gmt":"2025-01-20T23:26:04","slug":"sancionaran-a-diputados-faltistas-a-comparecencias-esteban-bautista","status":"publish","type":"post","link":"https:\/\/encuentroinformativo.com.mx\/?p=62855","title":{"rendered":"Sancionar\u00e1n a diputados &#8220;faltistas&#8221; a comparecencias: Esteban Bautista"},"content":{"rendered":"<p><strong style=\"font-size: 1rem;\">Dar\u00edo Pale<\/strong><\/p>\n<p>Xalapa, Ver.- Diputados que no asistan a las comparecencias sin justificaci\u00f3n se les descontar\u00e1, as\u00ed lo dio a conocer el presidente de la Junta de Coordinaci\u00f3n Pol\u00edtica en el Congreso del Estado (JUCOPO) Esteban Bautista Hern\u00e1ndez.<\/p>\n<p>En entrevista coment\u00f3 que ya dialogaron entre los diputados respecto de su obligaci\u00f3n de asistir a las sesiones y a las comparecencias.<\/p>\n<p>Bautista Hern\u00e1ndez reconoci\u00f3 que cada una de las fracciones legislativas est\u00e1n en libertad de manifestar lo que piense en sus posicionamientos, lo cual se debe respetar, pero deben asistir a las sesiones y las comparecencias.<\/p>\n<p>No obstante adelant\u00f3 que previo acuerdo con las fracciones legislativas, se aplicar\u00e1n sanciones a los diputados faltistas, ello previo al arranque de las comparecencias de los titulares de los \u00f3rganos aut\u00f3nomos.<\/p>\n<p>\u201cHay diputados que faltan, pero s\u00ed las justifican, si se ausentan sin conocimiento de nadie, s\u00ed se toman medidas&#8221;, se\u00f1al\u00f3.<\/p>\n<p>Finalmente coment\u00f3, &#8220;si no justifican tres faltas, por ejemplo, nosotros aqu\u00ed incluyendo al personal que trabaja aqu\u00ed, se le descuenta\u2026 aqu\u00ed con el personal s\u00ed (ya se han aplicado sanciones), ahorita con los diputados, todos los que se ausentan siempre nos comunican, a veces por alguna situaci\u00f3n familiar\u201d.<\/p>\n","protected":false},"excerpt":{"rendered":"<p>Dar\u00edo Pale Xalapa, Ver.- Diputados que no asistan a las comparecencias sin justificaci\u00f3n se les descontar\u00e1, as\u00ed lo dio a conocer el presidente de la Junta de Coordinaci\u00f3n Pol\u00edtica en el Congreso del Estado (JUCOPO) Esteban Bautista Hern\u00e1ndez. En entrevista coment\u00f3 que ya dialogaron entre los diputados respecto de su obligaci\u00f3n de asistir a las [&hellip;]<\/p>\n","protected":false},"author":2476,"featured_media":62856,"comment_status":"open","ping_status":"open","sticky":false,"template":"","format":"standard","meta":{"_jetpack_memberships_contains_paid_content":false,"footnotes":""},"categories":[2],"tags":[],"class_list":["post-62855","post","type-post","status-publish","format-standard","has-post-thumbnail","hentry","category-estado"],"jetpack_featured_media_url":"https:\/\/encuentroinformativo.com.mx\/wp-content\/uploads\/2025\/01\/IMG-20250120-WA02372.jpg","jetpack_sharing_enabled":true,"jetpack_likes_enabled":true,"amp_enabled":true,"_links":{"self":[{"href":"https:\/\/encuentroinformativo.com.mx\/index.php?rest_route=\/wp\/v2\/posts\/62855","targetHints":{"allow":["GET"]}}],"collection":[{"href":"https:\/\/encuentroinformativo.com.mx\/index.php?rest_route=\/wp\/v2\/posts"}],"about":[{"href":"https:\/\/encuentroinformativo.com.mx\/index.php?rest_route=\/wp\/v2\/types\/post"}],"author":[{"embeddable":true,"href":"https:\/\/encuentroinformativo.com.mx\/index.php?rest_route=\/wp\/v2\/users\/2476"}],"replies":[{"embeddable":true,"href":"https:\/\/encuentroinformativo.com.mx\/index.php?rest_route=%2Fwp%2Fv2%2Fcomments&post=62855"}],"version-history":[{"count":1,"href":"https:\/\/encuentroinformativo.com.mx\/index.php?rest_route=\/wp\/v2\/posts\/62855\/revisions"}],"predecessor-version":[{"id":62857,"href":"https:\/\/encuentroinformativo.com.mx\/index.php?rest_route=\/wp\/v2\/posts\/62855\/revisions\/62857"}],"wp:featuredmedia":[{"embeddable":true,"href":"https:\/\/encuentroinformativo.com.mx\/index.php?rest_route=\/wp\/v2\/media\/62856"}],"wp:attachment":[{"href":"https:\/\/encuentroinformativo.com.mx\/index.php?rest_route=%2Fwp%2Fv2%2Fmedia&parent=62855"}],"wp:term":[{"taxonomy":"category","embeddable":true,"href":"https:\/\/encuentroinformativo.com.mx\/index.php?rest_route=%2Fwp%2Fv2%2Fcategories&post=62855"},{"taxonomy":"post_tag","embeddable":true,"href":"https:\/\/encuentroinformativo.com.mx\/index.php?rest_route=%2Fwp%2Fv2%2Ftags&post=62855"}],"curies":[{"name":"wp","href":"https:\/\/api.w.org\/{rel}","templated":true}]}}