{"id":62872,"date":"2025-01-20T22:55:18","date_gmt":"2025-01-21T04:55:18","guid":{"rendered":"https:\/\/encuentroinformativo.com.mx\/?p=62872"},"modified":"2025-01-20T22:55:18","modified_gmt":"2025-01-21T04:55:18","slug":"a-comision-proyecto-de-ley-sobre-solucion-de-controversias","status":"publish","type":"post","link":"https:\/\/encuentroinformativo.com.mx\/?p=62872","title":{"rendered":"A comisi\u00f3n, proyecto de ley sobre soluci\u00f3n de controversias"},"content":{"rendered":"<p><strong>* Este proyecto legislativo es propuesta de la gobernadora de Veracruz, Roc\u00edo Nahle Garc\u00eda.<\/strong><\/p>\n<p style=\"font-weight: 400;\"><span style=\"font-size: 1rem;\">Xalapa, Ver.- En la Decimosexta Sesi\u00f3n Ordinaria, la Mesa Directiva turn\u00f3 a la Comisi\u00f3n Permanente de Justicia y Puntos Constitucionales la Iniciativa con Proyecto de Ley de Mecanismos Alternativos de Soluci\u00f3n de Controversias del Estado de Veracruz, presentada por la gobernadora de Veracruz, Roc\u00edo Nahle Garc\u00eda.<\/span><\/p>\n<p style=\"font-weight: 400;\"><span style=\"font-size: 1rem;\">En dicho proyecto, la proponente reconoce los esfuerzos empe\u00f1ados en el dise\u00f1o institucional con la finalidad de poner a disposici\u00f3n de la sociedad los medios alternativos como una soluci\u00f3n r\u00e1pida, sencilla, gratuita, imparcial y confidencial de los conflictos legales; sin embargo, considera que no han sido suficientes para lograr los resultados esperados.<\/span><\/p>\n<p style=\"font-weight: 400;\"><span style=\"font-size: 1rem;\">Asimismo, se\u00f1ala que la configuraci\u00f3n del Centro Estatal de Justicia Alternativa de Veracruz (Cejav) representa una especie de organismo sui generis mixto que, realizando funciones jurisdiccionales y adscrito administrativamente al Poder Judicial, toda su operaci\u00f3n se encuentra sujeta a la decisi\u00f3n de un \u00f3rgano presidido por la titularidad del Ejecutivo.<\/span><\/p>\n<p style=\"font-weight: 400;\"><span style=\"font-size: 1rem;\">Tambi\u00e9n advierte que la entidad solamente cuenta con siete centros de atenci\u00f3n ubicados en Xalapa, Veracruz, Poza Rica, C\u00f3rdoba, San Andr\u00e9s Tuxtla, Medell\u00edn y Coatepec, los cuales resultan insuficientes para atender la cuantiosa demanda de justicia que exige la sociedad veracruzana, en particular quienes se encuentran en los lugares m\u00e1s lejanos.<\/span><\/p>\n<p style=\"font-weight: 400;\"><span style=\"font-size: 1rem;\">Ante esto, la titular del Ejecutivo plantea renovar la institucionalizaci\u00f3n de la justicia alternativa en el estado, proponiendo las particularidades que se adecuen a las necesidades de las y los veracruzanos, destacando la instauraci\u00f3n de un Centro P\u00fablico de Mecanismos Alternativos de Soluci\u00f3n de Controversias con especialidad en materia civil, mercantil, familiar y administrativa, que forme parte del Poder Judicial, dotado de su propia estructura org\u00e1nica. Para atender las exigencias demogr\u00e1ficas y geogr\u00e1ficas, propone delegaciones de dicho centro en cada distrito judicial.<\/span><\/p>\n<p style=\"font-weight: 400;\"><span style=\"font-size: 1rem;\">De acuerdo con el Segundo Transitorio, con la entrada en vigor del ordenamiento propuesto, se extinguir\u00eda el Cejav, por lo que -a\u00f1ade- todos sus recursos humanos, financieros y materiales pasar\u00edan a formar parte del nuevo centro.<\/span><\/p>\n<p style=\"font-weight: 400;\"><span style=\"font-size: 1rem;\">El Tercer Transitorio agrega que, en consecuencia, atendiendo a que la naturaleza configurativa del centro a extinguirse preve\u00eda como instancia superior y competente al \u00f3rgano de gobierno y no as\u00ed a la Direcci\u00f3n General, dicha titularidad quedar\u00eda tambi\u00e9n concluida.<\/span><\/p>\n<p style=\"font-weight: 400;\">\n","protected":false},"excerpt":{"rendered":"<p>* Este proyecto legislativo es propuesta de la gobernadora de Veracruz, Roc\u00edo Nahle Garc\u00eda. Xalapa, Ver.- En la Decimosexta Sesi\u00f3n Ordinaria, la Mesa Directiva turn\u00f3 a la Comisi\u00f3n Permanente de Justicia y Puntos Constitucionales la Iniciativa con Proyecto de Ley de Mecanismos Alternativos de Soluci\u00f3n de Controversias del Estado de Veracruz, presentada por la gobernadora [&hellip;]<\/p>\n","protected":false},"author":2476,"featured_media":62873,"comment_status":"open","ping_status":"open","sticky":false,"template":"","format":"standard","meta":{"_jetpack_memberships_contains_paid_content":false,"footnotes":""},"categories":[2],"tags":[],"class_list":["post-62872","post","type-post","status-publish","format-standard","has-post-thumbnail","hentry","category-estado"],"jetpack_featured_media_url":"https:\/\/encuentroinformativo.com.mx\/wp-content\/uploads\/2025\/01\/NOV20ENE2025GOBERNADORA1.jpeg","jetpack_sharing_enabled":true,"jetpack_likes_enabled":true,"amp_enabled":true,"_links":{"self":[{"href":"https:\/\/encuentroinformativo.com.mx\/index.php?rest_route=\/wp\/v2\/posts\/62872","targetHints":{"allow":["GET"]}}],"collection":[{"href":"https:\/\/encuentroinformativo.com.mx\/index.php?rest_route=\/wp\/v2\/posts"}],"about":[{"href":"https:\/\/encuentroinformativo.com.mx\/index.php?rest_route=\/wp\/v2\/types\/post"}],"author":[{"embeddable":true,"href":"https:\/\/encuentroinformativo.com.mx\/index.php?rest_route=\/wp\/v2\/users\/2476"}],"replies":[{"embeddable":true,"href":"https:\/\/encuentroinformativo.com.mx\/index.php?rest_route=%2Fwp%2Fv2%2Fcomments&post=62872"}],"version-history":[{"count":1,"href":"https:\/\/encuentroinformativo.com.mx\/index.php?rest_route=\/wp\/v2\/posts\/62872\/revisions"}],"predecessor-version":[{"id":62874,"href":"https:\/\/encuentroinformativo.com.mx\/index.php?rest_route=\/wp\/v2\/posts\/62872\/revisions\/62874"}],"wp:featuredmedia":[{"embeddable":true,"href":"https:\/\/encuentroinformativo.com.mx\/index.php?rest_route=\/wp\/v2\/media\/62873"}],"wp:attachment":[{"href":"https:\/\/encuentroinformativo.com.mx\/index.php?rest_route=%2Fwp%2Fv2%2Fmedia&parent=62872"}],"wp:term":[{"taxonomy":"category","embeddable":true,"href":"https:\/\/encuentroinformativo.com.mx\/index.php?rest_route=%2Fwp%2Fv2%2Fcategories&post=62872"},{"taxonomy":"post_tag","embeddable":true,"href":"https:\/\/encuentroinformativo.com.mx\/index.php?rest_route=%2Fwp%2Fv2%2Ftags&post=62872"}],"curies":[{"name":"wp","href":"https:\/\/api.w.org\/{rel}","templated":true}]}}