{"id":62890,"date":"2025-01-21T10:58:42","date_gmt":"2025-01-21T16:58:42","guid":{"rendered":"https:\/\/encuentroinformativo.com.mx\/?p=62890"},"modified":"2025-01-21T10:58:42","modified_gmt":"2025-01-21T16:58:42","slug":"avala-comision-de-administracion-y-presupuesto-su-programa-de-actividades","status":"publish","type":"post","link":"https:\/\/encuentroinformativo.com.mx\/?p=62890","title":{"rendered":"Avala Comisi\u00f3n de Administraci\u00f3n y Presupuesto su Programa de Actividades"},"content":{"rendered":"<p><strong>* Coinciden los integrantes de esta instancia legislativa en sesionar peri\u00f3dicamente para analizar y dictaminar los asuntos que les sean turnados.<\/strong><\/p>\n<p style=\"font-weight: 400;\"><span style=\"font-size: 1rem;\">Xalapa, Ver.- La Comisi\u00f3n Permanente de Administraci\u00f3n y Presupuesto de la LXVII Legislatura, integrada por los diputados Luis Vicente Aguilar Castillo, Antonio Ballesteros Grayeb y Diego Casta\u00f1eda Aburto, presidente, secretario y vocal, respectivamente, aprob\u00f3 y present\u00f3 su Programa Anual de Trabajo, instrumento que contribuir\u00e1 a la realizaci\u00f3n de tareas fundamentales de este Poder Legislativo.<\/span><\/p>\n<p style=\"font-weight: 400;\"><span style=\"font-size: 1rem;\">De acuerdo con lo aprobado por los diputados, se prev\u00e9 la calendarizaci\u00f3n de las sesiones ordinarias de la comisi\u00f3n, se conocer\u00eda el Programa de Adquisiciones, Arrendamiento y Servicios y se analizar\u00eda la procedencia de celebrar procedimientos de excepci\u00f3n de las licitaciones simplificadas o p\u00fablicas, para la adquisici\u00f3n de bienes muebles, arrendamiento y servicios.<\/span><\/p>\n<p style=\"font-weight: 400;\"><span style=\"font-size: 1rem;\">Se fomentar\u00eda que los pedidos o contratos para la adquisici\u00f3n de bienes o servicios no se fraccionen en montos menores, con el prop\u00f3sito de evitar licitaciones o procedimientos de invitaci\u00f3n a cuando menos tres personas; promover\u00edan la elaboraci\u00f3n de programas de austeridad y optimizaci\u00f3n de estructuras y se velar\u00e1 por la protecci\u00f3n de la econom\u00eda del Congreso del Estado, bajo los principios de racionalidad y disciplina presupuestal.<\/span><\/p>\n<p style=\"font-weight: 400;\"><span style=\"font-size: 1rem;\">Adem\u00e1s, se busca dise\u00f1ar, organizar, estructurar e implementar de manera conjunta con la Secretar\u00eda General, las direcciones involucradas, la informaci\u00f3n financiera del Congreso del Estado y la armonizaci\u00f3n de \u00e9sta con lo dispuesto en la Ley de Contabilidad Gubernamental y dem\u00e1s normatividad vigente aplicable.<\/span><\/p>\n<p style=\"font-weight: 400;\"><span style=\"font-size: 1rem;\">Los diputados promover\u00e1n la revisi\u00f3n y actualizaci\u00f3n semestral de los inventarios de los bienes muebles e inmuebles del Congreso, con el fin de verificar que se mantengan en estado operativo y conforme a la suficiencia presupuestal.<\/span><\/p>\n<p style=\"font-weight: 400;\"><span style=\"font-size: 1rem;\">Se establecer\u00eda la coordinaci\u00f3n permanente con la Secretar\u00eda General y sus direcciones, con el prop\u00f3sito de supervisar, evaluar y conocer el funcionamiento administrativo, as\u00ed como contribuir a un \u00f3ptimo desempe\u00f1o del \u00e1rea administrativa y de sus servidores p\u00fablicos que laboren, velando por el estricto cumplimiento de sus obligaciones y de sus derechos laborales.<\/span><\/p>\n<p style=\"font-weight: 400;\"><span style=\"font-size: 1rem;\">Participar\u00e1n en el an\u00e1lisis y revisi\u00f3n de las plantillas de\u00a0 recursos humanos y la situaci\u00f3n laboral de los servidores p\u00fablicos, supervisando reducir en lo posible el pasivo laboral heredado por las anteriores legislaturas; aunado a realizar una reingenier\u00eda administrativa, procurando que todas las actividades operen con est\u00e1ndares de calidad, persiguiendo un alto desempe\u00f1o.<\/span><\/p>\n<p style=\"font-weight: 400;\"><span style=\"font-size: 1rem;\">Por \u00faltimo, se revisar\u00edan los estados financieros mensuales, presentados a la comisi\u00f3n por el \u00e1rea administrativa correspondiente.<\/span><\/p>\n<p style=\"font-weight: 400;\">\n","protected":false},"excerpt":{"rendered":"<p>* Coinciden los integrantes de esta instancia legislativa en sesionar peri\u00f3dicamente para analizar y dictaminar los asuntos que les sean turnados. Xalapa, Ver.- La Comisi\u00f3n Permanente de Administraci\u00f3n y Presupuesto de la LXVII Legislatura, integrada por los diputados Luis Vicente Aguilar Castillo, Antonio Ballesteros Grayeb y Diego Casta\u00f1eda Aburto, presidente, secretario y vocal, respectivamente, aprob\u00f3 [&hellip;]<\/p>\n","protected":false},"author":2476,"featured_media":62891,"comment_status":"open","ping_status":"open","sticky":false,"template":"","format":"standard","meta":{"_jetpack_memberships_contains_paid_content":false,"footnotes":""},"categories":[2],"tags":[],"class_list":["post-62890","post","type-post","status-publish","format-standard","has-post-thumbnail","hentry","category-estado"],"jetpack_featured_media_url":"https:\/\/encuentroinformativo.com.mx\/wp-content\/uploads\/2025\/01\/NOV21ENE2025ADMONPOA2.jpeg","jetpack_sharing_enabled":true,"jetpack_likes_enabled":true,"amp_enabled":true,"_links":{"self":[{"href":"https:\/\/encuentroinformativo.com.mx\/index.php?rest_route=\/wp\/v2\/posts\/62890","targetHints":{"allow":["GET"]}}],"collection":[{"href":"https:\/\/encuentroinformativo.com.mx\/index.php?rest_route=\/wp\/v2\/posts"}],"about":[{"href":"https:\/\/encuentroinformativo.com.mx\/index.php?rest_route=\/wp\/v2\/types\/post"}],"author":[{"embeddable":true,"href":"https:\/\/encuentroinformativo.com.mx\/index.php?rest_route=\/wp\/v2\/users\/2476"}],"replies":[{"embeddable":true,"href":"https:\/\/encuentroinformativo.com.mx\/index.php?rest_route=%2Fwp%2Fv2%2Fcomments&post=62890"}],"version-history":[{"count":1,"href":"https:\/\/encuentroinformativo.com.mx\/index.php?rest_route=\/wp\/v2\/posts\/62890\/revisions"}],"predecessor-version":[{"id":62892,"href":"https:\/\/encuentroinformativo.com.mx\/index.php?rest_route=\/wp\/v2\/posts\/62890\/revisions\/62892"}],"wp:featuredmedia":[{"embeddable":true,"href":"https:\/\/encuentroinformativo.com.mx\/index.php?rest_route=\/wp\/v2\/media\/62891"}],"wp:attachment":[{"href":"https:\/\/encuentroinformativo.com.mx\/index.php?rest_route=%2Fwp%2Fv2%2Fmedia&parent=62890"}],"wp:term":[{"taxonomy":"category","embeddable":true,"href":"https:\/\/encuentroinformativo.com.mx\/index.php?rest_route=%2Fwp%2Fv2%2Fcategories&post=62890"},{"taxonomy":"post_tag","embeddable":true,"href":"https:\/\/encuentroinformativo.com.mx\/index.php?rest_route=%2Fwp%2Fv2%2Ftags&post=62890"}],"curies":[{"name":"wp","href":"https:\/\/api.w.org\/{rel}","templated":true}]}}