{"id":62893,"date":"2025-01-21T11:31:29","date_gmt":"2025-01-21T17:31:29","guid":{"rendered":"https:\/\/encuentroinformativo.com.mx\/?p=62893"},"modified":"2025-01-21T11:31:29","modified_gmt":"2025-01-21T17:31:29","slug":"protestan-colectivos-de-busqueda-contra-titular-de-fge","status":"publish","type":"post","link":"https:\/\/encuentroinformativo.com.mx\/?p=62893","title":{"rendered":"Protestan colectivos de b\u00fasqueda contra titular de FGE"},"content":{"rendered":"<p><strong style=\"font-size: 1rem;\">Dar\u00edo Pale<\/strong><\/p>\n<p>Xalapa, Ver.- Con la finalidad de solicitar la destituci\u00f3n de Ver\u00f3nica Hern\u00e1ndez Giad\u00e1ns como fiscal general del Estado, pues aseguran que no ha dado resultados, madres y familiares de personas desaparecidas que integran el Colectivo Solecito de Veracruz se manifestaron en el Congreso del Estado.<\/p>\n<p>Mientras la fiscal presentaba su comparecencia ante diputados locales este martes se manifestaron afuera del Congreso del Estado familiares de desaparecidos.<\/p>\n<p>En entrevista Luc\u00eda D\u00edaz Genao, fundadora de este colectivo coment\u00f3, &#8220;\u00bfCu\u00e1ntos ha encontrado, cu\u00e1ntos ha entregado. Cu\u00e1ntos desaparecidos en su gesti\u00f3n?&#8230;&#8221;Si ella habla de que hay avances en t\u00e9rminos de justicia, est\u00e1 mintiendo&#8221;.<\/p>\n<p>Tambi\u00e9n cuestion\u00f3 &#8220;cu\u00e1ntas personas tienen arrestadas y en proceso por la desaparici\u00f3n de personas en Veracruz e insisti\u00f3 que para para el colectivo Solecito hay una total impunidad.<\/p>\n<p>&#8220;Que haya justicia, que haya Investigaci\u00f3n, que se identifiquen los cuerpos. No se avanza&#8221; insisti\u00f3.<\/p>\n<p>D\u00edaz Genao pidi\u00f3 que haya m\u00e1s centros de identificaci\u00f3n forense y m\u00e1s peritos para concretar la localizaci\u00f3n de desaparecidos.<\/p>\n<p>Dijo que ya han pedido a la gobernadora Roc\u00edo Nahle Garc\u00eda que la fiscal Ver\u00f3nica Hern\u00e1ndez Giad\u00e1ns sea removida de su cargo.<\/p>\n<p>Finalmente se\u00f1al\u00f3, &#8220;la gobernadora no tiene que hacer m\u00e1s que lo que le corresponde, que en este caso es si hay una fiscal que no le funciona, que la remueva&#8221;.<\/p>\n","protected":false},"excerpt":{"rendered":"<p>Dar\u00edo Pale Xalapa, Ver.- Con la finalidad de solicitar la destituci\u00f3n de Ver\u00f3nica Hern\u00e1ndez Giad\u00e1ns como fiscal general del Estado, pues aseguran que no ha dado resultados, madres y familiares de personas desaparecidas que integran el Colectivo Solecito de Veracruz se manifestaron en el Congreso del Estado. Mientras la fiscal presentaba su comparecencia ante diputados [&hellip;]<\/p>\n","protected":false},"author":2476,"featured_media":62894,"comment_status":"open","ping_status":"open","sticky":false,"template":"","format":"standard","meta":{"_jetpack_memberships_contains_paid_content":false,"footnotes":""},"categories":[3],"tags":[],"class_list":["post-62893","post","type-post","status-publish","format-standard","has-post-thumbnail","hentry","category-xalapa"],"jetpack_featured_media_url":"https:\/\/encuentroinformativo.com.mx\/wp-content\/uploads\/2025\/01\/IMG-20250121-WA0080.jpg","jetpack_sharing_enabled":true,"jetpack_likes_enabled":true,"amp_enabled":true,"_links":{"self":[{"href":"https:\/\/encuentroinformativo.com.mx\/index.php?rest_route=\/wp\/v2\/posts\/62893","targetHints":{"allow":["GET"]}}],"collection":[{"href":"https:\/\/encuentroinformativo.com.mx\/index.php?rest_route=\/wp\/v2\/posts"}],"about":[{"href":"https:\/\/encuentroinformativo.com.mx\/index.php?rest_route=\/wp\/v2\/types\/post"}],"author":[{"embeddable":true,"href":"https:\/\/encuentroinformativo.com.mx\/index.php?rest_route=\/wp\/v2\/users\/2476"}],"replies":[{"embeddable":true,"href":"https:\/\/encuentroinformativo.com.mx\/index.php?rest_route=%2Fwp%2Fv2%2Fcomments&post=62893"}],"version-history":[{"count":1,"href":"https:\/\/encuentroinformativo.com.mx\/index.php?rest_route=\/wp\/v2\/posts\/62893\/revisions"}],"predecessor-version":[{"id":62895,"href":"https:\/\/encuentroinformativo.com.mx\/index.php?rest_route=\/wp\/v2\/posts\/62893\/revisions\/62895"}],"wp:featuredmedia":[{"embeddable":true,"href":"https:\/\/encuentroinformativo.com.mx\/index.php?rest_route=\/wp\/v2\/media\/62894"}],"wp:attachment":[{"href":"https:\/\/encuentroinformativo.com.mx\/index.php?rest_route=%2Fwp%2Fv2%2Fmedia&parent=62893"}],"wp:term":[{"taxonomy":"category","embeddable":true,"href":"https:\/\/encuentroinformativo.com.mx\/index.php?rest_route=%2Fwp%2Fv2%2Fcategories&post=62893"},{"taxonomy":"post_tag","embeddable":true,"href":"https:\/\/encuentroinformativo.com.mx\/index.php?rest_route=%2Fwp%2Fv2%2Ftags&post=62893"}],"curies":[{"name":"wp","href":"https:\/\/api.w.org\/{rel}","templated":true}]}}