{"id":62896,"date":"2025-01-21T11:52:18","date_gmt":"2025-01-21T17:52:18","guid":{"rendered":"https:\/\/encuentroinformativo.com.mx\/?p=62896"},"modified":"2025-01-21T11:52:18","modified_gmt":"2025-01-21T17:52:18","slug":"corte-interamericana-exige-a-mexico-sancionar-violencia-simbolica","status":"publish","type":"post","link":"https:\/\/encuentroinformativo.com.mx\/?p=62896","title":{"rendered":"Corte Interamericana exige a M\u00e9xico sancionar violencia simb\u00f3lica"},"content":{"rendered":"<p><strong style=\"font-size: 1rem;\">Alejandro \u00c1vila<\/strong><\/p>\n<p>Veracruz, Ver.- Aunque desde hace a\u00f1os se ha iniciado con las sanciones por violencia pol\u00edtica en raz\u00f3n de g\u00e9nero, la violencia simb\u00f3lica es de las m\u00e1s dif\u00edciles de identificar, mencion\u00f3 Magda Zulema Mosri Guti\u00e9rrez, Magistrada de la Segunda Secci\u00f3n de la Sala Superior del Tribunal Federal de Justicia Administrativa.<\/p>\n<p>En ese sentido, se\u00f1al\u00f3 que los entes jurisdiccionales tienen como obligaci\u00f3n informar o dar a conocer este tipo de violaciones, con la finalidad de advertir o identificar que caso corresponde a cada rubro, ya que puntualiz\u00f3 no es lo mismo la violencia pol\u00edtica por raz\u00f3n de g\u00e9nero a violencia pol\u00edtica.<\/p>\n<p>&#8220;La violencia simb\u00f3lica es aquella que se da sin testigos, de manera oculta y basada en la desacreditaci\u00f3n del nicho de la v\u00edctima, por ejemplo, ha habido casos que ya se han documentado en el Tribunal Electoral del Poder Judicial de la Federaci\u00f3n, cuando a las mujeres cuando ya acceden a ciertos cargos, ya sean regidoras, diputadas, no las invitan a las reuniones, las excluyen, las invisibilizan, hay una especie de muerte civil, no les dan recurso, no les dan oficinas, esto es violencia simb\u00f3lica, las ignoran, no las consideran para qu\u00e9 precisamente no puedan desarrollar el trabajo. Entonces, aqu\u00ed ya est\u00e1 determinado por la Corte Interamericana y estos criterios fueron retomados por el Tribunal Electoral de que existe un deber de debida diligencia que tienen que poner y actuar en ese sentido las autoridades para efecto de garantizar que se reparen o se remedian esas violaciones a los Derechos Humanos&#8221;, coment\u00f3 en rueda de prensa.<\/p>\n<p>Este martes por la ma\u00f1ana, Magda Zulema Mosri Guti\u00e9rrez, present\u00f3 en Veracruz su libro &#8220;La Perspectiva de G\u00e9nero en la Justicia Administrativa Federal&#8221;; cabe mencionar que la sonorense es una de las 15 candidatos a Magistrado de la Suprema Corte de Justicia de la Naci\u00f3n (SCJN).<\/p>\n","protected":false},"excerpt":{"rendered":"<p>Alejandro \u00c1vila Veracruz, Ver.- Aunque desde hace a\u00f1os se ha iniciado con las sanciones por violencia pol\u00edtica en raz\u00f3n de g\u00e9nero, la violencia simb\u00f3lica es de las m\u00e1s dif\u00edciles de identificar, mencion\u00f3 Magda Zulema Mosri Guti\u00e9rrez, Magistrada de la Segunda Secci\u00f3n de la Sala Superior del Tribunal Federal de Justicia Administrativa. En ese sentido, se\u00f1al\u00f3 [&hellip;]<\/p>\n","protected":false},"author":2476,"featured_media":62897,"comment_status":"open","ping_status":"open","sticky":false,"template":"","format":"standard","meta":{"_jetpack_memberships_contains_paid_content":false,"footnotes":""},"categories":[2],"tags":[],"class_list":["post-62896","post","type-post","status-publish","format-standard","has-post-thumbnail","hentry","category-estado"],"jetpack_featured_media_url":"https:\/\/encuentroinformativo.com.mx\/wp-content\/uploads\/2025\/01\/IMG-20250121-WA00902.jpg","jetpack_sharing_enabled":true,"jetpack_likes_enabled":true,"amp_enabled":true,"_links":{"self":[{"href":"https:\/\/encuentroinformativo.com.mx\/index.php?rest_route=\/wp\/v2\/posts\/62896","targetHints":{"allow":["GET"]}}],"collection":[{"href":"https:\/\/encuentroinformativo.com.mx\/index.php?rest_route=\/wp\/v2\/posts"}],"about":[{"href":"https:\/\/encuentroinformativo.com.mx\/index.php?rest_route=\/wp\/v2\/types\/post"}],"author":[{"embeddable":true,"href":"https:\/\/encuentroinformativo.com.mx\/index.php?rest_route=\/wp\/v2\/users\/2476"}],"replies":[{"embeddable":true,"href":"https:\/\/encuentroinformativo.com.mx\/index.php?rest_route=%2Fwp%2Fv2%2Fcomments&post=62896"}],"version-history":[{"count":1,"href":"https:\/\/encuentroinformativo.com.mx\/index.php?rest_route=\/wp\/v2\/posts\/62896\/revisions"}],"predecessor-version":[{"id":62898,"href":"https:\/\/encuentroinformativo.com.mx\/index.php?rest_route=\/wp\/v2\/posts\/62896\/revisions\/62898"}],"wp:featuredmedia":[{"embeddable":true,"href":"https:\/\/encuentroinformativo.com.mx\/index.php?rest_route=\/wp\/v2\/media\/62897"}],"wp:attachment":[{"href":"https:\/\/encuentroinformativo.com.mx\/index.php?rest_route=%2Fwp%2Fv2%2Fmedia&parent=62896"}],"wp:term":[{"taxonomy":"category","embeddable":true,"href":"https:\/\/encuentroinformativo.com.mx\/index.php?rest_route=%2Fwp%2Fv2%2Fcategories&post=62896"},{"taxonomy":"post_tag","embeddable":true,"href":"https:\/\/encuentroinformativo.com.mx\/index.php?rest_route=%2Fwp%2Fv2%2Ftags&post=62896"}],"curies":[{"name":"wp","href":"https:\/\/api.w.org\/{rel}","templated":true}]}}