{"id":62899,"date":"2025-01-21T12:42:35","date_gmt":"2025-01-21T18:42:35","guid":{"rendered":"https:\/\/encuentroinformativo.com.mx\/?p=62899"},"modified":"2025-01-21T12:42:35","modified_gmt":"2025-01-21T18:42:35","slug":"en-xico-anuncian-festival-del-tamal-canario","status":"publish","type":"post","link":"https:\/\/encuentroinformativo.com.mx\/?p=62899","title":{"rendered":"En Xico, anuncian Festival del Tamal Canario"},"content":{"rendered":"<p><strong style=\"font-size: 1rem;\">Dar\u00edo Pale<\/strong><\/p>\n<p>Xalapa Ver.- El director de Desarrollo Econ\u00f3mico y Turismo de Xico, Javier Izaguirre Mart\u00ednez dio a conocer la realizaci\u00f3n del Festival del Tamal Canario, en el marco del D\u00eda de la Candelaria.<\/p>\n<p>En conferencia de prensa dieron a conocer que el ayuntamiento de Xico y la Asociaci\u00f3n de Prestadores de Servicios de Xico dieron a conocer el Festival del Tamal Canario, en el marco del D\u00eda de la Candelaria, el cual se efectuar\u00e1 del 1 al 3 de febrero en el parque Independencia en ese pueblo m\u00e1gico.<\/p>\n<p>Inform\u00f3 que participar\u00e1n alrededor de 40 expositores, indic\u00f3 que se instalar\u00e1 un pabell\u00f3n artesanal donde habr\u00e1 30 expositores de la regi\u00f3n y adem\u00e1s se realizar\u00e1n distintas actividades art\u00edsticas y con ello posicionar el turismo Gastron\u00f3mico.<\/p>\n<p>Por su parte, Hatzhi Hern\u00e1ndez, una de las organizadoras y prestadora de servicios, se\u00f1al\u00f3 que adem\u00e1s de los reconocidos tamales canarios, habr\u00e1 rancheros, de frijol, Xoco y otros m\u00e1s.<\/p>\n<p>Asimismo, Rafael Galv\u00e1n, coment\u00f3 que el a\u00f1o anterior se vendieron 40 mil tamales y esa es la meta en esta edici\u00f3n.<\/p>\n<p>Finalmente, agreg\u00f3 que se recibi\u00f3 turismo regional, pero tambi\u00e9n nacional e internacional.<\/p>\n","protected":false},"excerpt":{"rendered":"<p>Dar\u00edo Pale Xalapa Ver.- El director de Desarrollo Econ\u00f3mico y Turismo de Xico, Javier Izaguirre Mart\u00ednez dio a conocer la realizaci\u00f3n del Festival del Tamal Canario, en el marco del D\u00eda de la Candelaria. En conferencia de prensa dieron a conocer que el ayuntamiento de Xico y la Asociaci\u00f3n de Prestadores de Servicios de Xico [&hellip;]<\/p>\n","protected":false},"author":2476,"featured_media":62900,"comment_status":"open","ping_status":"open","sticky":false,"template":"","format":"standard","meta":{"_jetpack_memberships_contains_paid_content":false,"footnotes":""},"categories":[8],"tags":[],"class_list":["post-62899","post","type-post","status-publish","format-standard","has-post-thumbnail","hentry","category-region"],"jetpack_featured_media_url":"https:\/\/encuentroinformativo.com.mx\/wp-content\/uploads\/2025\/01\/IMG-20250121-WA0119.jpg","jetpack_sharing_enabled":true,"jetpack_likes_enabled":true,"amp_enabled":true,"_links":{"self":[{"href":"https:\/\/encuentroinformativo.com.mx\/index.php?rest_route=\/wp\/v2\/posts\/62899","targetHints":{"allow":["GET"]}}],"collection":[{"href":"https:\/\/encuentroinformativo.com.mx\/index.php?rest_route=\/wp\/v2\/posts"}],"about":[{"href":"https:\/\/encuentroinformativo.com.mx\/index.php?rest_route=\/wp\/v2\/types\/post"}],"author":[{"embeddable":true,"href":"https:\/\/encuentroinformativo.com.mx\/index.php?rest_route=\/wp\/v2\/users\/2476"}],"replies":[{"embeddable":true,"href":"https:\/\/encuentroinformativo.com.mx\/index.php?rest_route=%2Fwp%2Fv2%2Fcomments&post=62899"}],"version-history":[{"count":1,"href":"https:\/\/encuentroinformativo.com.mx\/index.php?rest_route=\/wp\/v2\/posts\/62899\/revisions"}],"predecessor-version":[{"id":62901,"href":"https:\/\/encuentroinformativo.com.mx\/index.php?rest_route=\/wp\/v2\/posts\/62899\/revisions\/62901"}],"wp:featuredmedia":[{"embeddable":true,"href":"https:\/\/encuentroinformativo.com.mx\/index.php?rest_route=\/wp\/v2\/media\/62900"}],"wp:attachment":[{"href":"https:\/\/encuentroinformativo.com.mx\/index.php?rest_route=%2Fwp%2Fv2%2Fmedia&parent=62899"}],"wp:term":[{"taxonomy":"category","embeddable":true,"href":"https:\/\/encuentroinformativo.com.mx\/index.php?rest_route=%2Fwp%2Fv2%2Fcategories&post=62899"},{"taxonomy":"post_tag","embeddable":true,"href":"https:\/\/encuentroinformativo.com.mx\/index.php?rest_route=%2Fwp%2Fv2%2Ftags&post=62899"}],"curies":[{"name":"wp","href":"https:\/\/api.w.org\/{rel}","templated":true}]}}