{"id":62910,"date":"2025-01-21T15:50:48","date_gmt":"2025-01-21T21:50:48","guid":{"rendered":"https:\/\/encuentroinformativo.com.mx\/?p=62910"},"modified":"2025-01-21T15:50:48","modified_gmt":"2025-01-21T21:50:48","slug":"otro-accidente-dos-personas-pierden-la-vida-en-la-xalapa-perote","status":"publish","type":"post","link":"https:\/\/encuentroinformativo.com.mx\/?p=62910","title":{"rendered":"\u00a1Otro accidente! Dos personas pierden la vida en la Xalapa &#8211; Perote"},"content":{"rendered":"<p><strong><span style=\"font-size: 1rem;\">Dar\u00edo Pale<\/span><\/strong><\/p>\n<p>Xalapa, Ver.- Lamentablemente se registr\u00f3 otro accidente en la autopista Xalapa-Perote donde perdieron la vida al parecer padre e hijo, a la altura de la localidad El Fresno ya que un tr\u00e1iler al parecer perdi\u00f3 el control y termin\u00f3 volcado.<\/p>\n<p>Seg\u00fan algunos reportes se\u00f1alaron que un tr\u00e1iler el cual transportaba tubos PTR perdi\u00f3 el control al quedarse sin frenos por lo que termin\u00f3 volcado en el sentido de Perote a Xalapa<\/p>\n<p>Lamentablemente el conductor qued\u00f3 prensado en el interior de la unidad mientras que su hijo qued\u00f3 sobre la carpeta asf\u00e1ltica sin que los cuerpos de emergencias pudieran hacer algo por ellos ya que no contaban con signos vitales.<\/p>\n<p>Param\u00e9dicos de EMS y SUREM acudieron al lugar, pero ambos hombres ya no presentaban signos vitales. Ante esto, la zona fue acordonada, lo que provoc\u00f3 afectaciones al tr\u00e1nsito vehicular con direcci\u00f3n a Xalapa.<\/p>\n<p>A pesar de la tragedia, algunos habitantes de El Fresno aprovecharon la situaci\u00f3n para realizar actos de rapi\u00f1a, llev\u00e1ndose el material de acero que qued\u00f3 esparcido sobre la carretera.<\/p>\n<p>Elementos del Escuadr\u00f3n Nacional de Rescate permanecieron en el lugar del accidente a la espera de personal de Servicios Periciales, quienes iniciaron el procedimiento de extracci\u00f3n del cuerpo.<\/p>\n<p>Los cuerpos de las v\u00edctimas fueron trasladados al Servicio M\u00e9dico Forense (SEMEFO) en espera de ser identificados por sus familiares y posteriormente entregados.<\/p>\n<p><img loading=\"lazy\" decoding=\"async\" class=\"alignnone size-medium wp-image-62912\" src=\"https:\/\/encuentroinformativo.com.mx\/wp-content\/uploads\/2025\/01\/IMG-20250121-WA0183-300x210.jpg\" alt=\"\" width=\"300\" height=\"210\" srcset=\"https:\/\/encuentroinformativo.com.mx\/wp-content\/uploads\/2025\/01\/IMG-20250121-WA0183-300x210.jpg 300w, https:\/\/encuentroinformativo.com.mx\/wp-content\/uploads\/2025\/01\/IMG-20250121-WA0183-768x537.jpg 768w, https:\/\/encuentroinformativo.com.mx\/wp-content\/uploads\/2025\/01\/IMG-20250121-WA0183.jpg 858w\" sizes=\"auto, (max-width: 300px) 100vw, 300px\" \/><\/p>\n","protected":false},"excerpt":{"rendered":"<p>Dar\u00edo Pale Xalapa, Ver.- Lamentablemente se registr\u00f3 otro accidente en la autopista Xalapa-Perote donde perdieron la vida al parecer padre e hijo, a la altura de la localidad El Fresno ya que un tr\u00e1iler al parecer perdi\u00f3 el control y termin\u00f3 volcado. Seg\u00fan algunos reportes se\u00f1alaron que un tr\u00e1iler el cual transportaba tubos PTR perdi\u00f3 [&hellip;]<\/p>\n","protected":false},"author":2476,"featured_media":62911,"comment_status":"open","ping_status":"open","sticky":false,"template":"","format":"standard","meta":{"_jetpack_memberships_contains_paid_content":false,"footnotes":""},"categories":[8],"tags":[],"class_list":["post-62910","post","type-post","status-publish","format-standard","has-post-thumbnail","hentry","category-region"],"jetpack_featured_media_url":"https:\/\/encuentroinformativo.com.mx\/wp-content\/uploads\/2025\/01\/IMG-20250121-WA0181.jpg","jetpack_sharing_enabled":true,"jetpack_likes_enabled":true,"amp_enabled":true,"_links":{"self":[{"href":"https:\/\/encuentroinformativo.com.mx\/index.php?rest_route=\/wp\/v2\/posts\/62910","targetHints":{"allow":["GET"]}}],"collection":[{"href":"https:\/\/encuentroinformativo.com.mx\/index.php?rest_route=\/wp\/v2\/posts"}],"about":[{"href":"https:\/\/encuentroinformativo.com.mx\/index.php?rest_route=\/wp\/v2\/types\/post"}],"author":[{"embeddable":true,"href":"https:\/\/encuentroinformativo.com.mx\/index.php?rest_route=\/wp\/v2\/users\/2476"}],"replies":[{"embeddable":true,"href":"https:\/\/encuentroinformativo.com.mx\/index.php?rest_route=%2Fwp%2Fv2%2Fcomments&post=62910"}],"version-history":[{"count":1,"href":"https:\/\/encuentroinformativo.com.mx\/index.php?rest_route=\/wp\/v2\/posts\/62910\/revisions"}],"predecessor-version":[{"id":62913,"href":"https:\/\/encuentroinformativo.com.mx\/index.php?rest_route=\/wp\/v2\/posts\/62910\/revisions\/62913"}],"wp:featuredmedia":[{"embeddable":true,"href":"https:\/\/encuentroinformativo.com.mx\/index.php?rest_route=\/wp\/v2\/media\/62911"}],"wp:attachment":[{"href":"https:\/\/encuentroinformativo.com.mx\/index.php?rest_route=%2Fwp%2Fv2%2Fmedia&parent=62910"}],"wp:term":[{"taxonomy":"category","embeddable":true,"href":"https:\/\/encuentroinformativo.com.mx\/index.php?rest_route=%2Fwp%2Fv2%2Fcategories&post=62910"},{"taxonomy":"post_tag","embeddable":true,"href":"https:\/\/encuentroinformativo.com.mx\/index.php?rest_route=%2Fwp%2Fv2%2Ftags&post=62910"}],"curies":[{"name":"wp","href":"https:\/\/api.w.org\/{rel}","templated":true}]}}