{"id":62914,"date":"2025-01-21T23:57:09","date_gmt":"2025-01-22T05:57:09","guid":{"rendered":"https:\/\/encuentroinformativo.com.mx\/?p=62914"},"modified":"2025-01-21T23:57:09","modified_gmt":"2025-01-22T05:57:09","slug":"se-registro-caida-de-nieve-en-zona-de-perote","status":"publish","type":"post","link":"https:\/\/encuentroinformativo.com.mx\/?p=62914","title":{"rendered":"Se registr\u00f3 ca\u00edda de nieve en zona de Perote"},"content":{"rendered":"<p><strong style=\"font-size: 1rem;\">Dar\u00edo Pale<\/strong><\/p>\n<p>Xalapa, Ver.- Comienza a nevar en la regi\u00f3n de Perote por la entrada del frente fr\u00edo 24 por lo que anunciaron la suspensi\u00f3n de clases para el d\u00eda de ma\u00f1ana mi\u00e9rcoles 22 de enero en todo el estado.<\/p>\n<p>La tarde de este martes se comenz\u00f3 a registrar la ca\u00edda de nieve en la regi\u00f3n de Perote, aproximadamente a las 17:00 horas en municipios de Las Vigas, Chiconquiaco y comunidades cercanas al Cofre de Perote comenzaron a pintarse de blanco, como se muestra en un video captado por los propios habitantes.<\/p>\n<p>Se estima la ca\u00edda de lluvia-nieve y aguanieve y adem\u00e1s prev\u00e9n que las temperaturas en las zonas altas del estado lleguen a los 10 grados cent\u00edgrados.<\/p>\n<p>Cabe mencionar que el Frente Fr\u00edo n\u00famero 24, impacta con vientos violentos de 118 kil\u00f3metros por hora al puerto de Veracruz, este martes.<\/p>\n<p>Seg\u00fan recortes oficiales, la ciudad de Coatzacoalcos recibe vientos de hasta 78 kil\u00f3metros por hora.<\/p>\n<p>La secretaria de Protecci\u00f3n Civil del gobierno del estado, inform\u00f3 que ante el pron\u00f3stico meteorol\u00f3gico que indica la continuaci\u00f3n de los efectos del Frente Fr\u00edo 24 en Veracruz, anunci\u00f3 la suspensi\u00f3n de clases para este mi\u00e9rcoles.<\/p>\n","protected":false},"excerpt":{"rendered":"<p>Dar\u00edo Pale Xalapa, Ver.- Comienza a nevar en la regi\u00f3n de Perote por la entrada del frente fr\u00edo 24 por lo que anunciaron la suspensi\u00f3n de clases para el d\u00eda de ma\u00f1ana mi\u00e9rcoles 22 de enero en todo el estado. La tarde de este martes se comenz\u00f3 a registrar la ca\u00edda de nieve en la [&hellip;]<\/p>\n","protected":false},"author":2476,"featured_media":62915,"comment_status":"open","ping_status":"open","sticky":false,"template":"","format":"standard","meta":{"_jetpack_memberships_contains_paid_content":false,"footnotes":""},"categories":[8],"tags":[],"class_list":["post-62914","post","type-post","status-publish","format-standard","has-post-thumbnail","hentry","category-region"],"jetpack_featured_media_url":"https:\/\/encuentroinformativo.com.mx\/wp-content\/uploads\/2025\/01\/IMG-20250121-WA02391.jpg","jetpack_sharing_enabled":true,"jetpack_likes_enabled":true,"amp_enabled":true,"_links":{"self":[{"href":"https:\/\/encuentroinformativo.com.mx\/index.php?rest_route=\/wp\/v2\/posts\/62914","targetHints":{"allow":["GET"]}}],"collection":[{"href":"https:\/\/encuentroinformativo.com.mx\/index.php?rest_route=\/wp\/v2\/posts"}],"about":[{"href":"https:\/\/encuentroinformativo.com.mx\/index.php?rest_route=\/wp\/v2\/types\/post"}],"author":[{"embeddable":true,"href":"https:\/\/encuentroinformativo.com.mx\/index.php?rest_route=\/wp\/v2\/users\/2476"}],"replies":[{"embeddable":true,"href":"https:\/\/encuentroinformativo.com.mx\/index.php?rest_route=%2Fwp%2Fv2%2Fcomments&post=62914"}],"version-history":[{"count":1,"href":"https:\/\/encuentroinformativo.com.mx\/index.php?rest_route=\/wp\/v2\/posts\/62914\/revisions"}],"predecessor-version":[{"id":62916,"href":"https:\/\/encuentroinformativo.com.mx\/index.php?rest_route=\/wp\/v2\/posts\/62914\/revisions\/62916"}],"wp:featuredmedia":[{"embeddable":true,"href":"https:\/\/encuentroinformativo.com.mx\/index.php?rest_route=\/wp\/v2\/media\/62915"}],"wp:attachment":[{"href":"https:\/\/encuentroinformativo.com.mx\/index.php?rest_route=%2Fwp%2Fv2%2Fmedia&parent=62914"}],"wp:term":[{"taxonomy":"category","embeddable":true,"href":"https:\/\/encuentroinformativo.com.mx\/index.php?rest_route=%2Fwp%2Fv2%2Fcategories&post=62914"},{"taxonomy":"post_tag","embeddable":true,"href":"https:\/\/encuentroinformativo.com.mx\/index.php?rest_route=%2Fwp%2Fv2%2Ftags&post=62914"}],"curies":[{"name":"wp","href":"https:\/\/api.w.org\/{rel}","templated":true}]}}