{"id":62918,"date":"2025-01-22T00:30:27","date_gmt":"2025-01-22T06:30:27","guid":{"rendered":"https:\/\/encuentroinformativo.com.mx\/?p=62918"},"modified":"2025-01-22T00:30:27","modified_gmt":"2025-01-22T06:30:27","slug":"fuerzas-de-tarea-de-boca-del-rio-atendieron-52-reportes-derivados-del-frente-frio-24-alcalde-jm-unanue","status":"publish","type":"post","link":"https:\/\/encuentroinformativo.com.mx\/?p=62918","title":{"rendered":"Fuerzas de Tarea de Boca del R\u00edo atendieron 52 reportes derivados del Frente Fr\u00edo 24: Alcalde JM Un\u00e1nue"},"content":{"rendered":"<p><strong><span style=\"font-size: 1rem;\">* Durante el transcurso de este martes solo hubo da\u00f1os materiales, logrando dar atenci\u00f3n a los llamados ciudadanos a trav\u00e9s de las diferentes \u00e1reas municipales que conforman la Fuerza de Tarea.<\/span><\/strong><\/p>\n<p>Boca del R\u00edo, Ver.- Ante el impacto del Frente Fr\u00edo 24 al municipio de Boca del R\u00edo y sus efectos, durante este martes se registraron da\u00f1os materiales a causa de las fuertes rachas de viento que sobrepasaron los 100 km\/h.<\/p>\n<p>Es as\u00ed como de manera previa, durante y despu\u00e9s de la disminuci\u00f3n de los vientos, el Gobierno Municipal de Boca del\u2028R\u00edo que encabeza el alcalde Juan Manuel Un\u00e1nue, se mantuvo pendiente en todo momento a trav\u00e9s de las diferentes \u00e1reas municipales que conforman la Fuerza de Tarea.<\/p>\n<p>\u201cMantenemos activo nuestro operativo de atenci\u00f3n por el paso del Frente Fr\u00edo 24, con trabajos preventivos y de revisi\u00f3n en diferentes puntos de la ciudad. Agradecemos su comprensi\u00f3n y les recordamos mantenerse informados sobre las acciones que seguiremos realizando en las pr\u00f3ximas horas\u201d, destac\u00f3 el ejecutivo.<\/p>\n<p>De acuerdo al reporte de la Secretar\u00eda de Protecci\u00f3n Civil Estatal, se registraron rachas m\u00e1ximas de 118 kil\u00f3metros por hora.<\/p>\n<p>Desde la emisi\u00f3n de la Alerta Gris por la autoridad Estatal, el Gobierno Municipal de Boca del R\u00edo replic\u00f3 el alertamiento y emiti\u00f3 las recomendaciones preventivas a los diferentes sectores econ\u00f3micos y poblaci\u00f3n en general.<\/p>\n<p>En tanto, Jorge Roberto Rojas Hern\u00e1ndez, Director de Protecci\u00f3n Civil Municipal, inform\u00f3 que todas las \u00e1reas operativas se encuentran en alerta y trabajando de manera coordinada atendiendo los reportes ciudadanos.<\/p>\n<p>Las \u00e1reas municipales que integran la Fuerza de Tarea son la Direcci\u00f3n de Gobernaci\u00f3n, Alumbrado P\u00fablico, Mantenimiento Urbano, T\u00e1nsito Municipal, Protecci\u00f3n Civil Municipal, Polic\u00eda Municipal, Limpia P\u00fablica y Comercio.<\/p>\n<p>Adem\u00e1s de mantener una estrecha coordinaci\u00f3n con la Polic\u00eda Estatal, Naval, Bomberos Conurbados, Comisi\u00f3n Federal de Electricidad, Telmex, as\u00ed como con diferentes responsables de cableado que tiene la ciudad.<\/p>\n<p><strong>REPORTES ATENDIDOS<\/strong><\/p>\n<p>El saldo indica que se atendi\u00f3 el reporte de 13 \u00e1rboles ca\u00eddos, 13 postes ca\u00eddos, un toldo desprendido, 9 l\u00e1minas desprendidas, un parab\u00fas desprendido, una barda ca\u00edda, 5 fachadas afectadas, 3 reportes de cables ca\u00eddos, 3 reportes de estructuras de espectaculares y 3 cortos circuitos, para un total de 52 atenciones.<\/p>\n<p>Asimismo, se realiz\u00f3 el cierre del bulevar Manuel \u00c1vila Camacho en dos secciones, una que comprende el carril sur a norte desde Juan Pablo II hasta Jes\u00fas Reyes Heroles y el carril norte a sur en el tramo comprendido de Reyes Heroles a M\u00e9dico Militar.<\/p>\n<p>Igualmente, derivado por el fuerte oleaje, se realiz\u00f3 un segundo cierre en el entronque de Manuel \u00c1vila Camacho y Adolfo Ruiz Cortines, hasta la avenida Costa Verde \u00fanicamente en el carril sur a norte; el cierre vehicular se mantendr\u00e1 hasta que las condiciones del oleaje lo permitan.<\/p>\n<p>Por otra parte, Rojas Hern\u00e1ndez, recomend\u00f3 a los ciudadanos que posteriormente al paso del evento norte, realicen las revisiones en instalaciones el\u00e9ctricas y gas, comercios, empresas, as\u00ed como y en las casas habitaci\u00f3n para verificar que no hayan sufrido alg\u00fan da\u00f1o.<\/p>\n<p>Se recuerda a la poblaci\u00f3n que cualquier reporte lo pueden realizar al n\u00famero de emergencia 911 y a los tel\u00e9fonos de Protecci\u00f3n Civil de Boca del R\u00edo al 229-986-3323.<\/p>\n<p><img loading=\"lazy\" decoding=\"async\" class=\"alignnone size-medium wp-image-62920\" src=\"https:\/\/encuentroinformativo.com.mx\/wp-content\/uploads\/2025\/01\/IMG-20250121-WA0279-300x200.jpg\" alt=\"\" width=\"300\" height=\"200\" srcset=\"https:\/\/encuentroinformativo.com.mx\/wp-content\/uploads\/2025\/01\/IMG-20250121-WA0279-300x200.jpg 300w, https:\/\/encuentroinformativo.com.mx\/wp-content\/uploads\/2025\/01\/IMG-20250121-WA0279-1024x682.jpg 1024w, https:\/\/encuentroinformativo.com.mx\/wp-content\/uploads\/2025\/01\/IMG-20250121-WA0279-768x512.jpg 768w, https:\/\/encuentroinformativo.com.mx\/wp-content\/uploads\/2025\/01\/IMG-20250121-WA0279.jpg 1280w\" sizes=\"auto, (max-width: 300px) 100vw, 300px\" \/><\/p>\n","protected":false},"excerpt":{"rendered":"<p>* Durante el transcurso de este martes solo hubo da\u00f1os materiales, logrando dar atenci\u00f3n a los llamados ciudadanos a trav\u00e9s de las diferentes \u00e1reas municipales que conforman la Fuerza de Tarea. Boca del R\u00edo, Ver.- Ante el impacto del Frente Fr\u00edo 24 al municipio de Boca del R\u00edo y sus efectos, durante este martes se [&hellip;]<\/p>\n","protected":false},"author":2476,"featured_media":62919,"comment_status":"open","ping_status":"open","sticky":false,"template":"","format":"standard","meta":{"_jetpack_memberships_contains_paid_content":false,"footnotes":""},"categories":[2],"tags":[],"class_list":["post-62918","post","type-post","status-publish","format-standard","has-post-thumbnail","hentry","category-estado"],"jetpack_featured_media_url":"https:\/\/encuentroinformativo.com.mx\/wp-content\/uploads\/2025\/01\/IMG-20250121-WA0276.jpg","jetpack_sharing_enabled":true,"jetpack_likes_enabled":true,"amp_enabled":true,"_links":{"self":[{"href":"https:\/\/encuentroinformativo.com.mx\/index.php?rest_route=\/wp\/v2\/posts\/62918","targetHints":{"allow":["GET"]}}],"collection":[{"href":"https:\/\/encuentroinformativo.com.mx\/index.php?rest_route=\/wp\/v2\/posts"}],"about":[{"href":"https:\/\/encuentroinformativo.com.mx\/index.php?rest_route=\/wp\/v2\/types\/post"}],"author":[{"embeddable":true,"href":"https:\/\/encuentroinformativo.com.mx\/index.php?rest_route=\/wp\/v2\/users\/2476"}],"replies":[{"embeddable":true,"href":"https:\/\/encuentroinformativo.com.mx\/index.php?rest_route=%2Fwp%2Fv2%2Fcomments&post=62918"}],"version-history":[{"count":2,"href":"https:\/\/encuentroinformativo.com.mx\/index.php?rest_route=\/wp\/v2\/posts\/62918\/revisions"}],"predecessor-version":[{"id":62922,"href":"https:\/\/encuentroinformativo.com.mx\/index.php?rest_route=\/wp\/v2\/posts\/62918\/revisions\/62922"}],"wp:featuredmedia":[{"embeddable":true,"href":"https:\/\/encuentroinformativo.com.mx\/index.php?rest_route=\/wp\/v2\/media\/62919"}],"wp:attachment":[{"href":"https:\/\/encuentroinformativo.com.mx\/index.php?rest_route=%2Fwp%2Fv2%2Fmedia&parent=62918"}],"wp:term":[{"taxonomy":"category","embeddable":true,"href":"https:\/\/encuentroinformativo.com.mx\/index.php?rest_route=%2Fwp%2Fv2%2Fcategories&post=62918"},{"taxonomy":"post_tag","embeddable":true,"href":"https:\/\/encuentroinformativo.com.mx\/index.php?rest_route=%2Fwp%2Fv2%2Ftags&post=62918"}],"curies":[{"name":"wp","href":"https:\/\/api.w.org\/{rel}","templated":true}]}}