{"id":62925,"date":"2025-01-22T13:39:45","date_gmt":"2025-01-22T19:39:45","guid":{"rendered":"https:\/\/encuentroinformativo.com.mx\/?p=62925"},"modified":"2025-01-22T13:39:45","modified_gmt":"2025-01-22T19:39:45","slug":"baja-participacion-de-jovenes-para-tramitar-cartilla-militar","status":"publish","type":"post","link":"https:\/\/encuentroinformativo.com.mx\/?p=62925","title":{"rendered":"Baja participaci\u00f3n de j\u00f3venes para tramitar cartilla militar"},"content":{"rendered":"<p><strong style=\"font-size: 1rem;\">Dar\u00edo Pale<\/strong><\/p>\n<p>Xalapa, Ver.- Lamentablemente los j\u00f3venes y sus padres ya no les dan la misma importancia que antes a la precartilla, explic\u00f3 que la fase de alistamiento inici\u00f3 el 13 de enero y concluye el d\u00eda 15 de octubre, as\u00ed lo dio a conocer el regidor Alfonso Marcos Garc\u00eda Castillo.<\/p>\n<p>El encargado de la Junta Municipal de Reclutamiento de la Secretar\u00eda del Ayuntamiento Ra\u00fal Gonz\u00e1lez Rivera dio a conocer que dado que desde el a\u00f1o pasado ha habido una baja participaci\u00f3n en los j\u00f3venes, el Ayuntamiento de Xalapa est\u00e1 invitando a todos los j\u00f3venes de la clase 2007 y remisos menores de 40 a\u00f1os para que asistan a obtener su cartilla del servicio militar.<\/p>\n<p>En conferencia de prensa se\u00f1al\u00f3 que, \u201chace un a\u00f1o expedimos 2 mil cartillas. Ha habido a\u00f1os que hemos llegado a 3 mil 700, 2 mil 800, por eso reiteramos que, a trav\u00e9s de ustedes, a los padres de familia para que lleven a sus hijos, cumplan\u201d.<\/p>\n<p>Por su parte el regidor Alfonso Marcos Garc\u00eda Castillo quien consider\u00f3 que los j\u00f3venes y sus padres ya no les dan la misma importancia que antes al documento, explic\u00f3 que la fase de alistamiento inici\u00f3 el 13 de enero y concluye el d\u00eda 15 de octubre.<\/p>\n<p>Por lo que exhortaron a los padres de familia para que acompa\u00f1en a sus hijos y vayan a la oficina para obtener su cartilla del servicio militar, que es de suma importancia.<\/p>\n<p>\u201cPorque en la mayor\u00eda de los trabajos que dan las diferentes \u00e9lites, sea municipal, estatal, federal, la cartilla es un documento primordial para el ingreso a laborar, aparte de ser una identificaci\u00f3n oficial y una obligaci\u00f3n como mexicano\u201d, coment\u00f3.<\/p>\n<p>\u201cReiteramos la invitaci\u00f3n a todos los j\u00f3venes nacidos en Xalapa, que viven en la zona rural, en la zona urbana, para que asistan a tramitar su cartilla, al personal remiso, que son menores de 40 a\u00f1os\u201d, agreg\u00f3.<\/p>\n<p>Con corte al d\u00eda de ayer, explic\u00f3, se han expedido 180 cartillas a los j\u00f3venes de la clase, 61 remisos; en total 241 cartillas del 13 de enero al 21 de enero.<\/p>\n<p>Las atenciones se dan de lunes a viernes, de 9 a 3 de la tarde. Para los j\u00f3venes de la clase 2007, no es necesario que tengan INE.<\/p>\n<p>Finalmente se\u00f1al\u00f3 que, \u201clos j\u00f3venes de la clase 2007 no se les pide el INE, y no importa el d\u00eda ni el mes de nacimiento, porque por ah\u00ed tambi\u00e9n luego hay dudas. Entonces, todos los 2007 ya se deben de acercar en esta fase de administraci\u00f3n\u201d.<\/p>\n","protected":false},"excerpt":{"rendered":"<p>Dar\u00edo Pale Xalapa, Ver.- Lamentablemente los j\u00f3venes y sus padres ya no les dan la misma importancia que antes a la precartilla, explic\u00f3 que la fase de alistamiento inici\u00f3 el 13 de enero y concluye el d\u00eda 15 de octubre, as\u00ed lo dio a conocer el regidor Alfonso Marcos Garc\u00eda Castillo. El encargado de la [&hellip;]<\/p>\n","protected":false},"author":2476,"featured_media":62926,"comment_status":"open","ping_status":"open","sticky":false,"template":"","format":"standard","meta":{"_jetpack_memberships_contains_paid_content":false,"footnotes":""},"categories":[3],"tags":[],"class_list":["post-62925","post","type-post","status-publish","format-standard","has-post-thumbnail","hentry","category-xalapa"],"jetpack_featured_media_url":"https:\/\/encuentroinformativo.com.mx\/wp-content\/uploads\/2025\/01\/IMG-20250122-WA01482.jpg","jetpack_sharing_enabled":true,"jetpack_likes_enabled":true,"amp_enabled":true,"_links":{"self":[{"href":"https:\/\/encuentroinformativo.com.mx\/index.php?rest_route=\/wp\/v2\/posts\/62925","targetHints":{"allow":["GET"]}}],"collection":[{"href":"https:\/\/encuentroinformativo.com.mx\/index.php?rest_route=\/wp\/v2\/posts"}],"about":[{"href":"https:\/\/encuentroinformativo.com.mx\/index.php?rest_route=\/wp\/v2\/types\/post"}],"author":[{"embeddable":true,"href":"https:\/\/encuentroinformativo.com.mx\/index.php?rest_route=\/wp\/v2\/users\/2476"}],"replies":[{"embeddable":true,"href":"https:\/\/encuentroinformativo.com.mx\/index.php?rest_route=%2Fwp%2Fv2%2Fcomments&post=62925"}],"version-history":[{"count":1,"href":"https:\/\/encuentroinformativo.com.mx\/index.php?rest_route=\/wp\/v2\/posts\/62925\/revisions"}],"predecessor-version":[{"id":62927,"href":"https:\/\/encuentroinformativo.com.mx\/index.php?rest_route=\/wp\/v2\/posts\/62925\/revisions\/62927"}],"wp:featuredmedia":[{"embeddable":true,"href":"https:\/\/encuentroinformativo.com.mx\/index.php?rest_route=\/wp\/v2\/media\/62926"}],"wp:attachment":[{"href":"https:\/\/encuentroinformativo.com.mx\/index.php?rest_route=%2Fwp%2Fv2%2Fmedia&parent=62925"}],"wp:term":[{"taxonomy":"category","embeddable":true,"href":"https:\/\/encuentroinformativo.com.mx\/index.php?rest_route=%2Fwp%2Fv2%2Fcategories&post=62925"},{"taxonomy":"post_tag","embeddable":true,"href":"https:\/\/encuentroinformativo.com.mx\/index.php?rest_route=%2Fwp%2Fv2%2Ftags&post=62925"}],"curies":[{"name":"wp","href":"https:\/\/api.w.org\/{rel}","templated":true}]}}