{"id":62933,"date":"2025-01-22T14:47:37","date_gmt":"2025-01-22T20:47:37","guid":{"rendered":"https:\/\/encuentroinformativo.com.mx\/?p=62933"},"modified":"2025-01-22T14:47:37","modified_gmt":"2025-01-22T20:47:37","slug":"podrian-ser-repatriados-mas-de-50-mil-veracruzanos-senador","status":"publish","type":"post","link":"https:\/\/encuentroinformativo.com.mx\/?p=62933","title":{"rendered":"Podr\u00edan ser repatriados m\u00e1s de 50 mil veracruzanos: Senador"},"content":{"rendered":"<p><strong><span style=\"font-size: 1rem;\">Dar\u00edo Pale<\/span><\/strong><\/p>\n<p>Xalapa, Ver.- El senador de Morena por Veracruz, Manuel Huerta Ladr\u00f3n de Guevara, dio a conocer que los gobiernos de M\u00e9xico y Veracruz se est\u00e1n preparando a trav\u00e9s de distintos programas, ya que oficialmente hay alrededor de 700 mil veracruzanos en la Uni\u00f3n Americana, pero hay muchos m\u00e1s que se desconoce su situaci\u00f3n.<\/p>\n<p>En conferencia de prensa advirti\u00f3 que se podr\u00edan deportar 50 mil veracruzanos por las medidas antiinmigratorias del presidente Donald Trump, ya que, con base en cifras oficiales del Instituto Nacional de Migraci\u00f3n, en los \u00faltimos tres a\u00f1os fueron repatriados 25 mil veracruzanos.<\/p>\n<p>&#8220;\u00bfEsto qu\u00e9 implica?, que de ser nuestros datos los m\u00e1s elevados, de estos 400 mil y calculando que somos uno de los estados que va a tener mayor impacto, si se aplicaran las medidas; implicar\u00eda una posibilidad de cuando menos, en un corto tiempo, duplicar el n\u00famero de deportados a Veracruz&#8221;, se\u00f1al\u00f3.<\/p>\n<p>En ese sentido, defini\u00f3 que existe la posibilidad de deportar a 50 mil veracruzanos en un corto tiempo, de estos, el 35 por ciento est\u00e1n en Texas, el 25 por ciento en California, el 10 por ciento el Illinois, el resto est\u00e1 disperso en distintos lugares de Estados Unidos.<\/p>\n<p>&#8220;Es una poblaci\u00f3n que estar\u00eda sujeta a que le quieran aplicar estos distintos decretos que se est\u00e1n mencionando, actuales y futuros, cuando yo di el primer impacto de todo el pa\u00eds, de entre 250 mil y 400 mil paisanos en Estados Unidos, de que podr\u00edan comenzar procesos de repatriaci\u00f3n; que bueno que no est\u00e1 ocurriendo as\u00ed, pero est\u00e1n preparando sus acciones legales&#8221;, coment\u00f3.<\/p>\n<p>Por ello, dijo que se est\u00e1n preparando con apoyos institucionales, pero los gobiernos deber\u00e1n aterrizar propuestas para generar fuentes de empleo, y detall\u00f3 que la Secretar\u00eda de Agricultura federal desarrollar\u00e1 el programa de soberan\u00eda alimentaria que se llama Municipios, que es la acci\u00f3n institucional de la SADER.<\/p>\n<p>Finalmente explic\u00f3 que dicho programa fue pensado para los municipios m\u00e1s vulnerables en materia de seguridad, de suerte que para este 2025 se entregar\u00e1n apoyos a 182 municipios del Pa\u00eds, pero quieren entregarlo, al concluir el sexenio, a la mitad de municipios de todo M\u00e9xico, es decir mil 250.<\/p>\n","protected":false},"excerpt":{"rendered":"<p>Dar\u00edo Pale Xalapa, Ver.- El senador de Morena por Veracruz, Manuel Huerta Ladr\u00f3n de Guevara, dio a conocer que los gobiernos de M\u00e9xico y Veracruz se est\u00e1n preparando a trav\u00e9s de distintos programas, ya que oficialmente hay alrededor de 700 mil veracruzanos en la Uni\u00f3n Americana, pero hay muchos m\u00e1s que se desconoce su situaci\u00f3n. [&hellip;]<\/p>\n","protected":false},"author":2476,"featured_media":62934,"comment_status":"open","ping_status":"open","sticky":false,"template":"","format":"standard","meta":{"_jetpack_memberships_contains_paid_content":false,"footnotes":""},"categories":[2],"tags":[],"class_list":["post-62933","post","type-post","status-publish","format-standard","has-post-thumbnail","hentry","category-estado"],"jetpack_featured_media_url":"https:\/\/encuentroinformativo.com.mx\/wp-content\/uploads\/2025\/01\/IMG-20250122-WA0201.jpg","jetpack_sharing_enabled":true,"jetpack_likes_enabled":true,"amp_enabled":true,"_links":{"self":[{"href":"https:\/\/encuentroinformativo.com.mx\/index.php?rest_route=\/wp\/v2\/posts\/62933","targetHints":{"allow":["GET"]}}],"collection":[{"href":"https:\/\/encuentroinformativo.com.mx\/index.php?rest_route=\/wp\/v2\/posts"}],"about":[{"href":"https:\/\/encuentroinformativo.com.mx\/index.php?rest_route=\/wp\/v2\/types\/post"}],"author":[{"embeddable":true,"href":"https:\/\/encuentroinformativo.com.mx\/index.php?rest_route=\/wp\/v2\/users\/2476"}],"replies":[{"embeddable":true,"href":"https:\/\/encuentroinformativo.com.mx\/index.php?rest_route=%2Fwp%2Fv2%2Fcomments&post=62933"}],"version-history":[{"count":1,"href":"https:\/\/encuentroinformativo.com.mx\/index.php?rest_route=\/wp\/v2\/posts\/62933\/revisions"}],"predecessor-version":[{"id":62935,"href":"https:\/\/encuentroinformativo.com.mx\/index.php?rest_route=\/wp\/v2\/posts\/62933\/revisions\/62935"}],"wp:featuredmedia":[{"embeddable":true,"href":"https:\/\/encuentroinformativo.com.mx\/index.php?rest_route=\/wp\/v2\/media\/62934"}],"wp:attachment":[{"href":"https:\/\/encuentroinformativo.com.mx\/index.php?rest_route=%2Fwp%2Fv2%2Fmedia&parent=62933"}],"wp:term":[{"taxonomy":"category","embeddable":true,"href":"https:\/\/encuentroinformativo.com.mx\/index.php?rest_route=%2Fwp%2Fv2%2Fcategories&post=62933"},{"taxonomy":"post_tag","embeddable":true,"href":"https:\/\/encuentroinformativo.com.mx\/index.php?rest_route=%2Fwp%2Fv2%2Ftags&post=62933"}],"curies":[{"name":"wp","href":"https:\/\/api.w.org\/{rel}","templated":true}]}}