{"id":62945,"date":"2025-01-22T17:59:08","date_gmt":"2025-01-22T23:59:08","guid":{"rendered":"https:\/\/encuentroinformativo.com.mx\/?p=62945"},"modified":"2025-01-22T17:59:08","modified_gmt":"2025-01-22T23:59:08","slug":"por-caida-de-dos-torres-de-cfe-en-alvarado-estaran-varios-dias-con-bajo-voltaje","status":"publish","type":"post","link":"https:\/\/encuentroinformativo.com.mx\/?p=62945","title":{"rendered":"Por ca\u00edda de dos torres de CFE, en Alvarado estar\u00e1n varios d\u00edas con bajo voltaje"},"content":{"rendered":"<p><strong><span style=\"font-size: 1rem;\">A<\/span><\/strong><strong style=\"font-size: 1rem;\">lejandro \u00c1vila<\/strong><\/p>\n<p>Alvarado, Ver.- El paso del Frente Fr\u00edo n\u00famero 24 dej\u00f3 grandes estragos en el municipio de Alvarado, pues dos torres de Comisi\u00f3n Federal de Electricidad (CFE) se cayeron a la altura de la desviaci\u00f3n hacia el municipio de Tlacotalpan, lo que ocasion\u00f3 el corte de energ\u00eda el\u00e9ctrica en varias comunidades.<\/p>\n<p>Debido a ello y para evitar que la ciudadan\u00eda se quede completamente sin energ\u00eda el\u00e9ctrica, se habilit\u00f3 una l\u00ednea desde el municipio de Medell\u00edn de Bravo, espec\u00edficamente de la localidad de Paso del Toro; esta situaci\u00f3n ocasiona un bajo voltaje, ya que t\u00e9cnicamente, entre m\u00e1s distancia tenga que recorrer la energ\u00eda baja su intensidad.<\/p>\n<p>A la par, personal de CFE se encuentra reparando postes y cables ca\u00eddos entre la colonia Escolleras y la caseta de cobro bajo el puente; as\u00ed como otros entre las localidades de Buen Pa\u00eds y Camaronera.<\/p>\n<p>Se estima que los trabajos de reparaci\u00f3n duren al menos un par de d\u00edas, aunque cabe recordar que se anunci\u00f3 otro Frente Fr\u00edo, el n\u00famero 25, a partir de este pr\u00f3ximo viernes 24 de enero.<\/p>\n","protected":false},"excerpt":{"rendered":"<p>Alejandro \u00c1vila Alvarado, Ver.- El paso del Frente Fr\u00edo n\u00famero 24 dej\u00f3 grandes estragos en el municipio de Alvarado, pues dos torres de Comisi\u00f3n Federal de Electricidad (CFE) se cayeron a la altura de la desviaci\u00f3n hacia el municipio de Tlacotalpan, lo que ocasion\u00f3 el corte de energ\u00eda el\u00e9ctrica en varias comunidades. Debido a ello [&hellip;]<\/p>\n","protected":false},"author":2476,"featured_media":62946,"comment_status":"open","ping_status":"open","sticky":false,"template":"","format":"standard","meta":{"_jetpack_memberships_contains_paid_content":false,"footnotes":""},"categories":[2],"tags":[],"class_list":["post-62945","post","type-post","status-publish","format-standard","has-post-thumbnail","hentry","category-estado"],"jetpack_featured_media_url":"https:\/\/encuentroinformativo.com.mx\/wp-content\/uploads\/2025\/01\/IMG-20250122-WA03262.jpg","jetpack_sharing_enabled":true,"jetpack_likes_enabled":true,"amp_enabled":true,"_links":{"self":[{"href":"https:\/\/encuentroinformativo.com.mx\/index.php?rest_route=\/wp\/v2\/posts\/62945","targetHints":{"allow":["GET"]}}],"collection":[{"href":"https:\/\/encuentroinformativo.com.mx\/index.php?rest_route=\/wp\/v2\/posts"}],"about":[{"href":"https:\/\/encuentroinformativo.com.mx\/index.php?rest_route=\/wp\/v2\/types\/post"}],"author":[{"embeddable":true,"href":"https:\/\/encuentroinformativo.com.mx\/index.php?rest_route=\/wp\/v2\/users\/2476"}],"replies":[{"embeddable":true,"href":"https:\/\/encuentroinformativo.com.mx\/index.php?rest_route=%2Fwp%2Fv2%2Fcomments&post=62945"}],"version-history":[{"count":1,"href":"https:\/\/encuentroinformativo.com.mx\/index.php?rest_route=\/wp\/v2\/posts\/62945\/revisions"}],"predecessor-version":[{"id":62947,"href":"https:\/\/encuentroinformativo.com.mx\/index.php?rest_route=\/wp\/v2\/posts\/62945\/revisions\/62947"}],"wp:featuredmedia":[{"embeddable":true,"href":"https:\/\/encuentroinformativo.com.mx\/index.php?rest_route=\/wp\/v2\/media\/62946"}],"wp:attachment":[{"href":"https:\/\/encuentroinformativo.com.mx\/index.php?rest_route=%2Fwp%2Fv2%2Fmedia&parent=62945"}],"wp:term":[{"taxonomy":"category","embeddable":true,"href":"https:\/\/encuentroinformativo.com.mx\/index.php?rest_route=%2Fwp%2Fv2%2Fcategories&post=62945"},{"taxonomy":"post_tag","embeddable":true,"href":"https:\/\/encuentroinformativo.com.mx\/index.php?rest_route=%2Fwp%2Fv2%2Ftags&post=62945"}],"curies":[{"name":"wp","href":"https:\/\/api.w.org\/{rel}","templated":true}]}}