{"id":62951,"date":"2025-01-22T20:12:10","date_gmt":"2025-01-23T02:12:10","guid":{"rendered":"https:\/\/encuentroinformativo.com.mx\/?p=62951"},"modified":"2025-01-22T20:12:10","modified_gmt":"2025-01-23T02:12:10","slug":"analizan-diputadas-propuestas-para-tipificar-el-delito-de-violencia-vicaria","status":"publish","type":"post","link":"https:\/\/encuentroinformativo.com.mx\/?p=62951","title":{"rendered":"Analizan diputadas propuestas para tipificar el delito de violencia vicaria"},"content":{"rendered":"<p style=\"font-weight: 400;\"><strong>* Trabajo coordinado con colectivos, Poder Judicial y CEDHV fortalece propuesta para concretar reformas contra este tipo de violencia, afirma la diputada Tanya Carola Viveros.<\/strong><\/p>\n<p style=\"font-weight: 400;\"><span style=\"font-size: 1rem;\">Xalapa, Ver.-\u00a0 Con el fin de iniciar el an\u00e1lisis de la propuesta de iniciativa relacionada con el reconocimiento y tipificaci\u00f3n del delito conocido como violencia vicaria, la presidenta de la Mesa Directiva de la LXVII Legislatura, diputada Tanya Carola Viveros Ch\u00e1zaro, realiz\u00f3 una mesa de trabajo en la que participaron autoridades del Poder Judicial y de organismos aut\u00f3nomos, as\u00ed como integrantes de colectivos feministas y especialistas en la materia.<\/span><\/p>\n<p style=\"font-weight: 400;\"><span style=\"font-size: 1rem;\">Con la presencia de las diputadas Astrid S\u00e1nchez Moguel y Naomi Edith G\u00f3mez Santos, presidenta y secretaria, respectivamente, de la Comisi\u00f3n Permanente para la Igualdad de G\u00e9nero, la legisladora Viveros Ch\u00e1zaro se\u00f1al\u00f3 que el objetivo de este encuentro es dar continuidad a los trabajos para legislar en contra de la violencia vicaria, con el firme prop\u00f3sito de unificar esfuerzos y concretar las reformas que coadyuven a hacer frente a esta gran problem\u00e1tica.<\/span><\/p>\n<p style=\"font-weight: 400;\"><span style=\"font-size: 1rem;\">En este sentido, destac\u00f3 la importancia de escuchar las opiniones y puntos de vista de las integrantes de colectivos, v\u00edctimas y especialistas en el tema, debido a que por su experiencia proporcionar\u00edan diferentes perspectivas a la propuesta. Asimismo, agradeci\u00f3 la presencia de las autoridades invitadas, toda vez que su representaci\u00f3n fortalece las diversas ideas y de esta manera habr\u00eda m\u00e1s posibilidades de su viabilidad.<\/span><\/p>\n<p style=\"font-weight: 400;\"><span style=\"font-size: 1rem;\">La diputada Tanya Carola Viveros inform\u00f3 que varias de sus compa\u00f1eras legisladoras han manifestado su inter\u00e9s en el tema, lo que calific\u00f3 como positivo para poder concretar el objetivo de la propuesta de iniciativa.<\/span><\/p>\n<p style=\"font-weight: 400;\"><span style=\"font-size: 1rem;\">Finalmente, hizo un llamado para continuar los trabajos coordinadamente, pues, de aprobarse la propuesta, deber\u00e1n crearse estrategias claras que permitan su operaci\u00f3n. \u201cNo basta con que se imprima y aparezca en el texto si no logramos que conecte con quien lo opera\u201d, concluy\u00f3.<\/span><\/p>\n<p style=\"font-weight: 400;\"><span style=\"font-size: 1rem;\">En la reuni\u00f3n estuvieron presentes, en representaci\u00f3n del Poder Judicial de Veracruz, la magistrada Lizbeth Hern\u00e1ndez Ribb\u00f3n; as\u00ed como la titular de la Unidad de Igualdad de G\u00e9nero de la Comisi\u00f3n Estatal de los Derechos Humanos de Veracruz (CEDHV), Yeralding S\u00e1nchez Morales.<\/span><\/p>\n<p style=\"font-weight: 400;\"><span style=\"font-size: 1rem;\">Adem\u00e1s, personal del Instituto Municipal de las Mujeres de Poza Rica, integrantes de la Asociaci\u00f3n Civil Juan Manuel Alonso Rodr\u00edguez AC, de Colectivo Feminista Xalapa, Akelarre AC, Colmena Verde, Justicia para Madres e Infancia, Sobrevivientes de Feminicidio, Red Jacaranda, Red de Mujeres Feministas de Veracruz y del Frente Nacional contra la Violencia Vicaria, asesores y personal administrativo del Poder Legislativo de Veracruz.<\/span><\/p>\n","protected":false},"excerpt":{"rendered":"<p>* Trabajo coordinado con colectivos, Poder Judicial y CEDHV fortalece propuesta para concretar reformas contra este tipo de violencia, afirma la diputada Tanya Carola Viveros. Xalapa, Ver.-\u00a0 Con el fin de iniciar el an\u00e1lisis de la propuesta de iniciativa relacionada con el reconocimiento y tipificaci\u00f3n del delito conocido como violencia vicaria, la presidenta de la [&hellip;]<\/p>\n","protected":false},"author":2476,"featured_media":62952,"comment_status":"open","ping_status":"open","sticky":false,"template":"","format":"standard","meta":{"_jetpack_memberships_contains_paid_content":false,"footnotes":""},"categories":[2],"tags":[],"class_list":["post-62951","post","type-post","status-publish","format-standard","has-post-thumbnail","hentry","category-estado"],"jetpack_featured_media_url":"https:\/\/encuentroinformativo.com.mx\/wp-content\/uploads\/2025\/01\/NOV22ENE2025TANYA2-scaled.jpeg","jetpack_sharing_enabled":true,"jetpack_likes_enabled":true,"amp_enabled":true,"_links":{"self":[{"href":"https:\/\/encuentroinformativo.com.mx\/index.php?rest_route=\/wp\/v2\/posts\/62951","targetHints":{"allow":["GET"]}}],"collection":[{"href":"https:\/\/encuentroinformativo.com.mx\/index.php?rest_route=\/wp\/v2\/posts"}],"about":[{"href":"https:\/\/encuentroinformativo.com.mx\/index.php?rest_route=\/wp\/v2\/types\/post"}],"author":[{"embeddable":true,"href":"https:\/\/encuentroinformativo.com.mx\/index.php?rest_route=\/wp\/v2\/users\/2476"}],"replies":[{"embeddable":true,"href":"https:\/\/encuentroinformativo.com.mx\/index.php?rest_route=%2Fwp%2Fv2%2Fcomments&post=62951"}],"version-history":[{"count":2,"href":"https:\/\/encuentroinformativo.com.mx\/index.php?rest_route=\/wp\/v2\/posts\/62951\/revisions"}],"predecessor-version":[{"id":62954,"href":"https:\/\/encuentroinformativo.com.mx\/index.php?rest_route=\/wp\/v2\/posts\/62951\/revisions\/62954"}],"wp:featuredmedia":[{"embeddable":true,"href":"https:\/\/encuentroinformativo.com.mx\/index.php?rest_route=\/wp\/v2\/media\/62952"}],"wp:attachment":[{"href":"https:\/\/encuentroinformativo.com.mx\/index.php?rest_route=%2Fwp%2Fv2%2Fmedia&parent=62951"}],"wp:term":[{"taxonomy":"category","embeddable":true,"href":"https:\/\/encuentroinformativo.com.mx\/index.php?rest_route=%2Fwp%2Fv2%2Fcategories&post=62951"},{"taxonomy":"post_tag","embeddable":true,"href":"https:\/\/encuentroinformativo.com.mx\/index.php?rest_route=%2Fwp%2Fv2%2Ftags&post=62951"}],"curies":[{"name":"wp","href":"https:\/\/api.w.org\/{rel}","templated":true}]}}