{"id":62960,"date":"2025-01-23T09:34:57","date_gmt":"2025-01-23T15:34:57","guid":{"rendered":"https:\/\/encuentroinformativo.com.mx\/?p=62960"},"modified":"2025-01-23T09:34:57","modified_gmt":"2025-01-23T15:34:57","slug":"ramon-el-profeta","status":"publish","type":"post","link":"https:\/\/encuentroinformativo.com.mx\/?p=62960","title":{"rendered":"RAM\u00d3N, EL PROFETA"},"content":{"rendered":"<p><strong>Los Pol\u00edticos<\/strong><\/p>\n<p><strong>Salvador Mu\u00f1oz<\/strong><\/p>\n<p>Dicen que nadie es profeta en su tierra\u2026 ejemplo de ello, hay muchos\u2026 m\u00e1s aqu\u00ed en Veracruz, tierra generosa y de oportunidades donde basta un resquicio para que crezcas, desarrolles tu potencial, y hasta te encumbres en la pol\u00edtica\u2026<\/p>\n<p>Ah\u00ed est\u00e1 el caso de Ricardo Ahued\u2026 aunque siendo francos, lleg\u00f3 chiquito, por lo que casi se podr\u00eda decir que s\u00f3lo tiene un 10% de \u201cpachuco\u201d y el resto de veracruzano\u2026 sus tiendas son un \u00e9xito y es considerado por muchos, como uno de los mejores alcaldes que ha tenido la capital veracruzana.<\/p>\n<p>Quiz\u00e1s uno de los mejores ejemplos de los Profetas, es Roc\u00edo Nahle, mujer exitosa tanto en su trabajo como en su carrera pol\u00edtica a tal grado que hoy, (la 40% zacatecana y 60% veracruzana) gobierne nuestro estado\u2026<\/p>\n<p>Ah, pero es seguro que ninguno de estos dos botones de muestra supere a nuestro personaje de hoy, quien no s\u00f3lo ha triunfado en Veracruz, sino tambi\u00e9n en Coahuila y en ninguno de los dos naci\u00f3.<\/p>\n<p>Nos referimos al actual diputado local por Coatepec, Ram\u00f3n D\u00edaz \u00c1vila, quien de llegar a Veracruz como un simple Comisionado Nacional del PT, hoy ya planea un proyecto pol\u00edtico con miras al 2031\u2026<\/p>\n<p>El Profe, como gusta que le llamen, dicen que naci\u00f3 en Cadereyta, Nuevo Le\u00f3n, pero sus pininos pol\u00edticos los empez\u00f3 a forjar en Coahuila, donde fue diputado local\u2026 \u00a1ah! Pero eso es nada\u2026 D\u00edaz \u00c1vila all\u00e1 s\u00ed fue candidato a Gobernador por los partidos Convergencia y PT, aunque no le fue tan bien como hubieran querido quienes lo abanderaron\u2026<\/p>\n<p>Entre el 2015 y 2016, si no mal se recuerda, lleg\u00f3 a Veracruz tras ser designado por Alberto Anaya, due\u00f1o del PT, Comisionado Nacional del PT en Veracruz.<\/p>\n<p>Si bien algunos militantes del PT no les agrad\u00f3 que en el 2017 fuera ratificado como tal, la protesta no prosper\u00f3 a tal grado que hasta este 2025, seguir\u00e1 fungiendo y fingiendo como Comisionado si es que Anaya no dice otra cosa y lo mantiene \u201cforever\u201d\u2026 como \u00e9l en la dirigencia del partido.<\/p>\n<p>Hace casi tres a\u00f1os volvi\u00f3 a las curules locales, gracias a la figura Plurinominal y recientemente Uninominal, por el distrito de Coatepec.<\/p>\n<p>Aunque previo a la elecci\u00f3n de diputado, all\u00e1 por septiembre del 2023, para engordar su curriculum, se apunt\u00f3 para ver si era chicle y pegaba, como aspirante a la Gubernatura de Veracruz, entre Nahle, Claudia Tello, Bola 8, Manuel Huerta, Zenyazen, Guti\u00e9rrez Luna y creo que son todos.<br \/>\nEs decir, en dos estados distintos, Ram\u00f3n ha sido diputado y aspirante a candidato a Gobernador\u2026<\/p>\n<p>Durante el Priato hubo Comisionados Pol\u00edticos que cuando conoc\u00edan Veracruz y sus bondades, casi casi se asilaban aqu\u00ed, pero manten\u00edan su raya\u2026 no recuerdo alguno que haya apostado por ser candidato\u2026<\/p>\n<p>Conste, esto no es una cr\u00edtica a la actividad pol\u00edtica de D\u00edaz \u00c1vila, sino un ejemplo claro de ese dicho: \u201cNadie es profeta en su tierra\u2026\u201d<\/p>\n<p>Y los coatepecanos igual lo han de entender en ese proyecto que trae entre manos el diputado local D\u00edaz \u00c1vila\u2026 En el 31, quiere ser candidato a Presidente Municipal por este Pueblo M\u00e1gico, que est\u00e1 visto, es considerado tierra de oportunidades para recientes fuere\u00f1os, como \u201cCapolina\u201d, no Capulina, como ya seg\u00fan le dicen los morenos en Coatepec a Enrique Santos Mendoza\u2026<\/p>\n","protected":false},"excerpt":{"rendered":"<p>Los Pol\u00edticos Salvador Mu\u00f1oz Dicen que nadie es profeta en su tierra\u2026 ejemplo de ello, hay muchos\u2026 m\u00e1s aqu\u00ed en Veracruz, tierra generosa y de oportunidades donde basta un resquicio para que crezcas, desarrolles tu potencial, y hasta te encumbres en la pol\u00edtica\u2026 Ah\u00ed est\u00e1 el caso de Ricardo Ahued\u2026 aunque siendo francos, lleg\u00f3 chiquito, [&hellip;]<\/p>\n","protected":false},"author":2476,"featured_media":387,"comment_status":"open","ping_status":"open","sticky":false,"template":"","format":"standard","meta":{"_jetpack_memberships_contains_paid_content":false,"footnotes":""},"categories":[11],"tags":[],"class_list":["post-62960","post","type-post","status-publish","format-standard","has-post-thumbnail","hentry","category-opinion"],"jetpack_featured_media_url":"https:\/\/encuentroinformativo.com.mx\/wp-content\/uploads\/2020\/03\/7CF8A22B-2764-47BE-8F7F-38FE9E5D6A2F.jpeg","jetpack_sharing_enabled":true,"jetpack_likes_enabled":true,"amp_enabled":true,"_links":{"self":[{"href":"https:\/\/encuentroinformativo.com.mx\/index.php?rest_route=\/wp\/v2\/posts\/62960","targetHints":{"allow":["GET"]}}],"collection":[{"href":"https:\/\/encuentroinformativo.com.mx\/index.php?rest_route=\/wp\/v2\/posts"}],"about":[{"href":"https:\/\/encuentroinformativo.com.mx\/index.php?rest_route=\/wp\/v2\/types\/post"}],"author":[{"embeddable":true,"href":"https:\/\/encuentroinformativo.com.mx\/index.php?rest_route=\/wp\/v2\/users\/2476"}],"replies":[{"embeddable":true,"href":"https:\/\/encuentroinformativo.com.mx\/index.php?rest_route=%2Fwp%2Fv2%2Fcomments&post=62960"}],"version-history":[{"count":1,"href":"https:\/\/encuentroinformativo.com.mx\/index.php?rest_route=\/wp\/v2\/posts\/62960\/revisions"}],"predecessor-version":[{"id":62961,"href":"https:\/\/encuentroinformativo.com.mx\/index.php?rest_route=\/wp\/v2\/posts\/62960\/revisions\/62961"}],"wp:featuredmedia":[{"embeddable":true,"href":"https:\/\/encuentroinformativo.com.mx\/index.php?rest_route=\/wp\/v2\/media\/387"}],"wp:attachment":[{"href":"https:\/\/encuentroinformativo.com.mx\/index.php?rest_route=%2Fwp%2Fv2%2Fmedia&parent=62960"}],"wp:term":[{"taxonomy":"category","embeddable":true,"href":"https:\/\/encuentroinformativo.com.mx\/index.php?rest_route=%2Fwp%2Fv2%2Fcategories&post=62960"},{"taxonomy":"post_tag","embeddable":true,"href":"https:\/\/encuentroinformativo.com.mx\/index.php?rest_route=%2Fwp%2Fv2%2Ftags&post=62960"}],"curies":[{"name":"wp","href":"https:\/\/api.w.org\/{rel}","templated":true}]}}