{"id":62976,"date":"2025-01-23T14:42:12","date_gmt":"2025-01-23T20:42:12","guid":{"rendered":"https:\/\/encuentroinformativo.com.mx\/?p=62976"},"modified":"2025-01-23T14:42:12","modified_gmt":"2025-01-23T20:42:12","slug":"inconformes-por-presuntas-candidaturas-convocan-a-marchas","status":"publish","type":"post","link":"https:\/\/encuentroinformativo.com.mx\/?p=62976","title":{"rendered":"Inconformes por presuntas candidaturas convocan a marchas"},"content":{"rendered":"<p><strong style=\"font-size: 1rem;\">Dar\u00edo Pale<\/strong><\/p>\n<p>Xalapa, Ver.- Mediante una publicaci\u00f3n en las redes sociales dieron a conocer que realizar\u00e1n una marcha y plant\u00f3n a Xalapa por imposici\u00f3n de familiares en coalici\u00f3n de los partidos pol\u00edticos Morena-PT-Verde.<\/p>\n<p>Esto debido a que despu\u00e9s de que se diera a conocer el acuerdo de coalici\u00f3n entre Morena, PT y Partido Verde para el reparto de las candidaturas a las presidencias municipales, militantes y simpatizantes del distrito VIII, est\u00e1n convocando a una marcha pac\u00edfica y plant\u00f3n en Xalapa en las oficinas del Comit\u00e9 de Morena.<\/p>\n<p>Hay que recordar que dicho acuerdo define que ser\u00e1n 165 municipios en donde los tres partidos competir\u00e1n juntos, postulando al mismo candidato, en los 47 restantes cada uno postular\u00e1 a su propio candidato o candidata, de manera que Morena postular\u00e1 en 110 municipios, el Partido Verde en 33 y, el PT encabezar\u00e1 en 22.<\/p>\n<p>Los militantes y simpatizantes de Morena rechazan los acuerdos y est\u00e1n llamando a la gente de todos los pueblos del distrito VIII como Misantla Tenoch, Yecuatla, Colipa, Juchique de Ferrer y Vega de Alatorre, por el &#8220;atropello contra el pueblo&#8221;.<\/p>\n<p>A trav\u00e9s de redes sociales manifestaron que la idea es que se sumen todos los aspirantes de Morena de dichos municipios para saber bajo qu\u00e9 par\u00e1metros, protocolos o circunstancias, se hizo el convenio de coalici\u00f3n.<\/p>\n<p>Los inconformes se\u00f1alan que ning\u00fan partido ha avalado el reparto de las candidaturas.<\/p>\n<p>&#8220;Y si los dirigentes estatales tomaron dicha decisi\u00f3n, que nos den una explicaci\u00f3n, porque Morena es del pueblo y no de unos cuantos como lo son Vicente Aguilar (coordinador del PT), Esteban Ramirez Zepeta (l\u00edder de Morena) y \u00c9dgar Herrera Lendechy (dirigente del Partido Verde)&#8221;, se\u00f1alaron.<\/p>\n<p>En ese sentido, afirmaron que no permitir\u00e1n la imposici\u00f3n de candidatos, mucho menos de familiares, &#8220;el viejo PRI ya se acab\u00f3&#8221;.<\/p>\n<p>Acusaron al PT y al Verde de ser partidos refugiados y cobijados para que tuvieran fuerza a nivel estatal y nacional.<\/p>\n<p>La gente del distrito VIII cuestion\u00f3 si los acuerdos se habr\u00e1n hecho con el visto bueno de los alcaldes actuales o m\u00e1s bien &#8220;les llegaron al precio&#8221; a los dirigentes estatales.<\/p>\n<p>&#8220;Porque est\u00e1 m\u00e1s que claro que en cada municipio el partido que va encabezar es a conveniencia del candidato que postulan los alcaldes&#8221;, define el texto de los inconformes.<\/p>\n<p>Insistieron en que no respetan la postura de la presidenta Claudia Sheinbaum, quien ha reiterado que no se deben postular a familiares, lo que significa que son los adversarios de su lucha al permitir el nepotismo y la reelecci\u00f3n.<\/p>\n<p>El escrito est\u00e1 dirigido a la gobernadora Roc\u00edo Nahle y a la presidenta Claudia Sheinbaum Pardo, as\u00ed como a la l\u00edder nacional del Morena, Luisa Mar\u00eda Alcalde.<\/p>\n<p><img loading=\"lazy\" decoding=\"async\" class=\"alignnone size-medium wp-image-62977\" src=\"https:\/\/encuentroinformativo.com.mx\/wp-content\/uploads\/2025\/01\/IMG-20250123-WA0130-187x300.jpg\" alt=\"\" width=\"187\" height=\"300\" srcset=\"https:\/\/encuentroinformativo.com.mx\/wp-content\/uploads\/2025\/01\/IMG-20250123-WA0130-187x300.jpg 187w, https:\/\/encuentroinformativo.com.mx\/wp-content\/uploads\/2025\/01\/IMG-20250123-WA0130-639x1024.jpg 639w, https:\/\/encuentroinformativo.com.mx\/wp-content\/uploads\/2025\/01\/IMG-20250123-WA0130-768x1230.jpg 768w, https:\/\/encuentroinformativo.com.mx\/wp-content\/uploads\/2025\/01\/IMG-20250123-WA0130-959x1536.jpg 959w, https:\/\/encuentroinformativo.com.mx\/wp-content\/uploads\/2025\/01\/IMG-20250123-WA0130.jpg 998w\" sizes=\"auto, (max-width: 187px) 100vw, 187px\" \/><\/p>\n","protected":false},"excerpt":{"rendered":"<p>Dar\u00edo Pale Xalapa, Ver.- Mediante una publicaci\u00f3n en las redes sociales dieron a conocer que realizar\u00e1n una marcha y plant\u00f3n a Xalapa por imposici\u00f3n de familiares en coalici\u00f3n de los partidos pol\u00edticos Morena-PT-Verde. Esto debido a que despu\u00e9s de que se diera a conocer el acuerdo de coalici\u00f3n entre Morena, PT y Partido Verde para [&hellip;]<\/p>\n","protected":false},"author":2476,"featured_media":62977,"comment_status":"open","ping_status":"open","sticky":false,"template":"","format":"standard","meta":{"_jetpack_memberships_contains_paid_content":false,"footnotes":""},"categories":[2],"tags":[],"class_list":["post-62976","post","type-post","status-publish","format-standard","has-post-thumbnail","hentry","category-estado"],"jetpack_featured_media_url":"https:\/\/encuentroinformativo.com.mx\/wp-content\/uploads\/2025\/01\/IMG-20250123-WA0130.jpg","jetpack_sharing_enabled":true,"jetpack_likes_enabled":true,"amp_enabled":true,"_links":{"self":[{"href":"https:\/\/encuentroinformativo.com.mx\/index.php?rest_route=\/wp\/v2\/posts\/62976","targetHints":{"allow":["GET"]}}],"collection":[{"href":"https:\/\/encuentroinformativo.com.mx\/index.php?rest_route=\/wp\/v2\/posts"}],"about":[{"href":"https:\/\/encuentroinformativo.com.mx\/index.php?rest_route=\/wp\/v2\/types\/post"}],"author":[{"embeddable":true,"href":"https:\/\/encuentroinformativo.com.mx\/index.php?rest_route=\/wp\/v2\/users\/2476"}],"replies":[{"embeddable":true,"href":"https:\/\/encuentroinformativo.com.mx\/index.php?rest_route=%2Fwp%2Fv2%2Fcomments&post=62976"}],"version-history":[{"count":2,"href":"https:\/\/encuentroinformativo.com.mx\/index.php?rest_route=\/wp\/v2\/posts\/62976\/revisions"}],"predecessor-version":[{"id":62979,"href":"https:\/\/encuentroinformativo.com.mx\/index.php?rest_route=\/wp\/v2\/posts\/62976\/revisions\/62979"}],"wp:featuredmedia":[{"embeddable":true,"href":"https:\/\/encuentroinformativo.com.mx\/index.php?rest_route=\/wp\/v2\/media\/62977"}],"wp:attachment":[{"href":"https:\/\/encuentroinformativo.com.mx\/index.php?rest_route=%2Fwp%2Fv2%2Fmedia&parent=62976"}],"wp:term":[{"taxonomy":"category","embeddable":true,"href":"https:\/\/encuentroinformativo.com.mx\/index.php?rest_route=%2Fwp%2Fv2%2Fcategories&post=62976"},{"taxonomy":"post_tag","embeddable":true,"href":"https:\/\/encuentroinformativo.com.mx\/index.php?rest_route=%2Fwp%2Fv2%2Ftags&post=62976"}],"curies":[{"name":"wp","href":"https:\/\/api.w.org\/{rel}","templated":true}]}}