{"id":6298,"date":"2020-09-29T09:14:33","date_gmt":"2020-09-29T14:14:33","guid":{"rendered":"https:\/\/encuentroinformativo.com.mx\/?p=6298"},"modified":"2020-09-29T09:14:36","modified_gmt":"2020-09-29T14:14:36","slug":"los-estudios-de-los-diputados","status":"publish","type":"post","link":"https:\/\/encuentroinformativo.com.mx\/?p=6298","title":{"rendered":"Los estudios de los diputados&#8230;"},"content":{"rendered":"\n<p><strong>Los Pol\u00edticos<\/strong><\/p>\n\n\n\n<p><strong>Salvador Mu\u00f1oz<\/strong><\/p>\n\n\n\n<p>Cuando entrevist\u00e9 a Ricardo Landa, a d\u00edas de rendir protesta como dirigente del PRI, una \u00faltima pregunta le hice: \u201c\u00bfEres licenciado en\u2026?\u201d Carraspe\u00f3 y se sincer\u00f3: \u201cNo he terminado la carrera\u2026\u201d<br>No me extra\u00f1\u00f3 la respuesta, pues conoc\u00eda a quienes involucrados en la pol\u00edtica, los envolv\u00eda tal pasi\u00f3n que dejaban sus estudios a medias.<\/p>\n\n\n\n<p>En este caso, al tiempo, platicando con un amigo, me confiaba que cuando Fidel Herrera solicit\u00f3 una propuesta para dirigir al CDE del PRI, Tonicho M\u00e1rquez Hern\u00e1ndez sugiri\u00f3 a Ricardo Landa. T\u00edo Fide dijo adelante, se hicieron los preparativos, se perme\u00f3 a la sociedad pol\u00edtica del cambio, empez\u00f3 a sonar el nombre de Ricardo y ya, cuando se fij\u00f3 fecha de la entronizaci\u00f3n, el gobernador pregunt\u00f3 los palmar\u00e9s del cuasi-dirigente tricolor y fue cuando Tonicho averigu\u00f3 que su propuesta no hab\u00eda terminado la carrera\u2026 hasta donde tengo entendido, no era impedimento para ser dirigente del partido, pero el T\u00edo era muy quisquilloso es esos asuntos. Con el tiempo encima, con todo listo para hacerlo, y con el enojo del de Nopaltepec, lleg\u00f3 Ricardo al edificio de Ruiz Cortines con Francisco Moreno, pero con una indicaci\u00f3n muy precisa: terminar la carrera cuanto antes.<\/p>\n\n\n\n<p>Lo dijimos: a muchos les envolv\u00eda la pasi\u00f3n por la pol\u00edtica y hasta cambiaron de sistema para acudir los fines de semana a clases\u2026 pero esto es en cuanto a pol\u00edtica\u2026 hay casos igual donde la variante es el trabajo. \u00bfRecuerdan el caso de Ricardo Ahued? No preciso el dato, si continu\u00f3 sus estudios siendo alcalde o siendo diputado\u2026 al ahora Senador se ve que le gan\u00f3 en su momento el inter\u00e9s por meterse de lleno en el negocio familiar y por un ratote, se olvid\u00f3 de continuar su carrera\u2026<\/p>\n\n\n\n<p>Esto viene a cuento porque en el Instituto Veracruzano de Acceso a la Informaci\u00f3n, se dio un caso interesante: un ciudadano pidi\u00f3 conocer \u201ccomprobantes de estudios acad\u00e9micos\u201d de un diputado. La respuesta del IVAI fue negativa, porque a juicio de dos cosimionados, Magda Zayas y Alfredo Corona, para ser diputado no se requiere t\u00edtulo acad\u00e9mico; por otro lado, la Comisionada Presidenta, si bien estaba de acuerdo con el argumento de los otros dos, defend\u00eda la transparencia\u2026 \u00a1vamos! hasta si se quiere ver de este modo: una cuesti\u00f3n de honestidad y por ah\u00ed, si les cabe, de \u00e9tica.<\/p>\n\n\n\n<p>Dejemos a un lado el IVAI\u2026 \u00bfa usted le interesa saber qu\u00e9 estudios tiene su alcalde? \u00bfqu\u00e9 estudios tiene su diputado? Supongamos que s\u00ed, \u00bfy cu\u00e1l ser\u00eda el objetivo? En lo particular, si yo s\u00e9 que el diputado, por poner un ejemplo, Juan Javier G\u00f3mez Cazar\u00edn, es Contador, quiz\u00e1s pudiera expresarle mis dudas con respecto a la distribuci\u00f3n del presupuesto en el Congreso, por citar un ejemplo simple, insisto.<\/p>\n\n\n\n<p>El asunto es que es una suposici\u00f3n, porque el Car\u00f3n y los siguientes legisladores no muestran en la p\u00e1gina del Congreso local, su curriculum: Vicky Virginia Tadeo, V\u00edctor Vargas Barrientos, Adriana Esther Mart\u00ednez S\u00e1nchez, Carlos Manuel Jim\u00e9nez D\u00edaz, Ana Miriam Ferr\u00e1ez (Morena), Ricardo Arturo Serna Barajas (PAN), y Antonio Garc\u00eda Reyes (PRI).<\/p>\n\n\n\n<p>Si bien estoy de acuerdo que la representaci\u00f3n popular no exige grado acad\u00e9mico, creo que la sociedad est\u00e1 en su derecho a exigir transparencia de sus servidores p\u00fablicos siempre y cuando no transgreda su privacidad\u2026 \u00bfel ciudadano tiene derecho a saber si un carnicero, un dentista, un ganadero, un ama de casa, un doctor, un cirujano, lo representa ante el Congreso local o federal o en cualquier otra instancia? yo creo que s\u00ed\u2026 aunque dos cosimionados supongan que lo que un ciudadano quiere saber, no es materia de transparencia\u2026<\/p>\n\n\n\n<p><a href=\"mailto:smcainito@gmail.com\" target=\"_blank\" rel=\"noreferrer noopener\">smcainito@gmail.com<\/a><\/p>\n","protected":false},"excerpt":{"rendered":"<p>Los Pol\u00edticos Salvador Mu\u00f1oz Cuando entrevist\u00e9 a Ricardo Landa, a d\u00edas de rendir protesta como dirigente del PRI, una \u00faltima pregunta le hice: \u201c\u00bfEres licenciado en\u2026?\u201d Carraspe\u00f3 y se sincer\u00f3: \u201cNo he terminado la carrera\u2026\u201dNo me extra\u00f1\u00f3 la respuesta, pues conoc\u00eda a quienes involucrados en la pol\u00edtica, los envolv\u00eda tal pasi\u00f3n que dejaban sus estudios [&hellip;]<\/p>\n","protected":false},"author":1,"featured_media":387,"comment_status":"open","ping_status":"open","sticky":false,"template":"","format":"standard","meta":{"_jetpack_memberships_contains_paid_content":false,"footnotes":""},"categories":[11],"tags":[],"class_list":["post-6298","post","type-post","status-publish","format-standard","has-post-thumbnail","hentry","category-opinion"],"jetpack_featured_media_url":"https:\/\/encuentroinformativo.com.mx\/wp-content\/uploads\/2020\/03\/7CF8A22B-2764-47BE-8F7F-38FE9E5D6A2F.jpeg","jetpack_sharing_enabled":true,"jetpack_likes_enabled":true,"amp_enabled":true,"_links":{"self":[{"href":"https:\/\/encuentroinformativo.com.mx\/index.php?rest_route=\/wp\/v2\/posts\/6298","targetHints":{"allow":["GET"]}}],"collection":[{"href":"https:\/\/encuentroinformativo.com.mx\/index.php?rest_route=\/wp\/v2\/posts"}],"about":[{"href":"https:\/\/encuentroinformativo.com.mx\/index.php?rest_route=\/wp\/v2\/types\/post"}],"author":[{"embeddable":true,"href":"https:\/\/encuentroinformativo.com.mx\/index.php?rest_route=\/wp\/v2\/users\/1"}],"replies":[{"embeddable":true,"href":"https:\/\/encuentroinformativo.com.mx\/index.php?rest_route=%2Fwp%2Fv2%2Fcomments&post=6298"}],"version-history":[{"count":1,"href":"https:\/\/encuentroinformativo.com.mx\/index.php?rest_route=\/wp\/v2\/posts\/6298\/revisions"}],"predecessor-version":[{"id":6299,"href":"https:\/\/encuentroinformativo.com.mx\/index.php?rest_route=\/wp\/v2\/posts\/6298\/revisions\/6299"}],"wp:featuredmedia":[{"embeddable":true,"href":"https:\/\/encuentroinformativo.com.mx\/index.php?rest_route=\/wp\/v2\/media\/387"}],"wp:attachment":[{"href":"https:\/\/encuentroinformativo.com.mx\/index.php?rest_route=%2Fwp%2Fv2%2Fmedia&parent=6298"}],"wp:term":[{"taxonomy":"category","embeddable":true,"href":"https:\/\/encuentroinformativo.com.mx\/index.php?rest_route=%2Fwp%2Fv2%2Fcategories&post=6298"},{"taxonomy":"post_tag","embeddable":true,"href":"https:\/\/encuentroinformativo.com.mx\/index.php?rest_route=%2Fwp%2Fv2%2Ftags&post=6298"}],"curies":[{"name":"wp","href":"https:\/\/api.w.org\/{rel}","templated":true}]}}