{"id":62980,"date":"2025-01-23T15:13:31","date_gmt":"2025-01-23T21:13:31","guid":{"rendered":"https:\/\/encuentroinformativo.com.mx\/?p=62980"},"modified":"2025-01-23T15:13:31","modified_gmt":"2025-01-23T21:13:31","slug":"por-bajas-temperaturas-extienden-periodo-de-campana-abrigando-corazones","status":"publish","type":"post","link":"https:\/\/encuentroinformativo.com.mx\/?p=62980","title":{"rendered":"Por bajas temperaturas, Extienden periodo de campa\u00f1a &#8220;Abrigando Corazones&#8221;\u00a0"},"content":{"rendered":"<p><strong style=\"font-size: 1rem;\">Alejandro \u00c1vila<\/strong><\/p>\n<p>Veracruz, Ver.- Debido a las bajas temperaturas que se han presentando durante los \u00faltimos d\u00edas en la entidad veracruzana, el programa &#8220;Abrigando Corazones&#8221; que instal\u00f3 el Congreso de Veracruz se ampliar\u00e1 hasta finales de mes.<\/p>\n<p>La presidenta de la Mesa Directiva de la XLVII del Congreso de Veracruz, Tania Carola Viveros Ch\u00e1zaro, reconoci\u00f3 que existen muchas comunidades en situaci\u00f3n vulnerable ante los Frentes Fr\u00edos que se han suscitado en Veracruz, por lo cual decidieron ampliar el periodo de recolecci\u00f3n de ropa invernal y cobijas en el Centro de Acopio que se ubica en el Poder Legislativo.<\/p>\n<p>Las donaciones ser\u00e1n recibidas en la oficina del Centro de Estudios para la Igualdad de G\u00e9nero y los Derechos Humanos del Congreso del Estado de Veracruz, hasta el 31 de enero de este a\u00f1o, en horario de 9:00 a 18:00 horas.<\/p>\n<p>El Frente Fr\u00edo n\u00famero 24 dej\u00f3 nevadas y temperaturas bajo cero en municipios como Las Vigas, Rafael Lucio, Landero y Coss, Perote y Chiconquiaco.<\/p>\n","protected":false},"excerpt":{"rendered":"<p>Alejandro \u00c1vila Veracruz, Ver.- Debido a las bajas temperaturas que se han presentando durante los \u00faltimos d\u00edas en la entidad veracruzana, el programa &#8220;Abrigando Corazones&#8221; que instal\u00f3 el Congreso de Veracruz se ampliar\u00e1 hasta finales de mes. La presidenta de la Mesa Directiva de la XLVII del Congreso de Veracruz, Tania Carola Viveros Ch\u00e1zaro, reconoci\u00f3 [&hellip;]<\/p>\n","protected":false},"author":2476,"featured_media":62981,"comment_status":"open","ping_status":"open","sticky":false,"template":"","format":"standard","meta":{"_jetpack_memberships_contains_paid_content":false,"footnotes":""},"categories":[2],"tags":[],"class_list":["post-62980","post","type-post","status-publish","format-standard","has-post-thumbnail","hentry","category-estado"],"jetpack_featured_media_url":"https:\/\/encuentroinformativo.com.mx\/wp-content\/uploads\/2025\/01\/IMG-20250123-WA0151.jpg","jetpack_sharing_enabled":true,"jetpack_likes_enabled":true,"amp_enabled":true,"_links":{"self":[{"href":"https:\/\/encuentroinformativo.com.mx\/index.php?rest_route=\/wp\/v2\/posts\/62980","targetHints":{"allow":["GET"]}}],"collection":[{"href":"https:\/\/encuentroinformativo.com.mx\/index.php?rest_route=\/wp\/v2\/posts"}],"about":[{"href":"https:\/\/encuentroinformativo.com.mx\/index.php?rest_route=\/wp\/v2\/types\/post"}],"author":[{"embeddable":true,"href":"https:\/\/encuentroinformativo.com.mx\/index.php?rest_route=\/wp\/v2\/users\/2476"}],"replies":[{"embeddable":true,"href":"https:\/\/encuentroinformativo.com.mx\/index.php?rest_route=%2Fwp%2Fv2%2Fcomments&post=62980"}],"version-history":[{"count":1,"href":"https:\/\/encuentroinformativo.com.mx\/index.php?rest_route=\/wp\/v2\/posts\/62980\/revisions"}],"predecessor-version":[{"id":62982,"href":"https:\/\/encuentroinformativo.com.mx\/index.php?rest_route=\/wp\/v2\/posts\/62980\/revisions\/62982"}],"wp:featuredmedia":[{"embeddable":true,"href":"https:\/\/encuentroinformativo.com.mx\/index.php?rest_route=\/wp\/v2\/media\/62981"}],"wp:attachment":[{"href":"https:\/\/encuentroinformativo.com.mx\/index.php?rest_route=%2Fwp%2Fv2%2Fmedia&parent=62980"}],"wp:term":[{"taxonomy":"category","embeddable":true,"href":"https:\/\/encuentroinformativo.com.mx\/index.php?rest_route=%2Fwp%2Fv2%2Fcategories&post=62980"},{"taxonomy":"post_tag","embeddable":true,"href":"https:\/\/encuentroinformativo.com.mx\/index.php?rest_route=%2Fwp%2Fv2%2Ftags&post=62980"}],"curies":[{"name":"wp","href":"https:\/\/api.w.org\/{rel}","templated":true}]}}