{"id":62992,"date":"2025-01-23T16:09:37","date_gmt":"2025-01-23T22:09:37","guid":{"rendered":"https:\/\/encuentroinformativo.com.mx\/?p=62992"},"modified":"2025-01-23T16:11:03","modified_gmt":"2025-01-23T22:11:03","slug":"por-mal-clima-aumentan-accidentes-en-calles-del-centro-de-xalapa","status":"publish","type":"post","link":"https:\/\/encuentroinformativo.com.mx\/?p=62992","title":{"rendered":"Por mal clima, aumentan accidentes en calles del centro de Xalapa"},"content":{"rendered":"<p><strong><span style=\"font-size: 1rem;\">Dar\u00edo Pale<\/span><\/strong><\/p>\n<p>Xalapa, Ver.- El regidor Diego Florescano P\u00e9rez, titular de la Comisi\u00f3n Edilicia de Protecci\u00f3n Civil del Ayuntamiento de Xalapa, dio a conocer que debido a las condiciones clim\u00e1ticas, aumentan los accidentes en calles del primer cuadro en el centro de Xalapa.<\/p>\n<p>En entrevista coment\u00f3 que, algunas calles del primer cuadro en el centro de la ciudad son de alto riesgo para la movilidad de transe\u00fantes, por lo que inst\u00f3 a la poblaci\u00f3n ser m\u00e1s cuidadosa en su paso por dichos tramos ya que con las condiciones clim\u00e1ticas actuales los accidentes como resbalones, tienden a incrementarse.<\/p>\n<p>\u201cCon estos climas se presentan algunos accidentes un tanto particulares por la temporada. En la zona centro, en el primer cuadro de la ciudad, tenemos algunas calles que por la orograf\u00eda de Xalapa est\u00e1n un tanto inclinadas como Lucio, Clavijero o Zaragoza\u201d, coment\u00f3.<\/p>\n<p>En ese sentido, record\u00f3 que hay rampas de acceso para personas con capacidades diferentes o para los adultos mayores, las cuales deben usarse.<\/p>\n<p>\u201cPor imposici\u00f3n inclusive del INAH, todas las calles del centro hist\u00f3rico est\u00e1n hechas de piedra bas\u00e1ltica, lo que genera que sean un tanto resbalosas; aunque el Ayuntamiento realiza labores constantes y mantenimiento permanente hay cosas que el INAH no nos permite\u201d, se\u00f1al\u00f3.<\/p>\n<p>De tal forma, reiter\u00f3 el llamado a caminar con cuidado, y dio cuenta de un hecho ocurrido este jueves.<\/p>\n<p>\u201cUna mujer resbal\u00f3 y se lesion\u00f3 el pie, de inmediato se le atendi\u00f3, llegaron elementos de la Cruz Roja y de Protecci\u00f3n Civil para brindarle auxilio, pero tuvo que ser trasladada a la cl\u00ednica 11 del IMSS para la valoraci\u00f3n m\u00e9dica correspondiente\u201d, dijo en entrevista.<\/p>\n<p>Esto sucedi\u00f3 en la esquina de la calle Zaragoza y Sebasti\u00e1n Camacho lo que gener\u00f3 movilizaci\u00f3n en la zona.<\/p>\n<p>Finalmente dijo que, \u201chay que tener la precauci\u00f3n necesaria para que no ocurran estos accidentes, lamentamos lo que ocurri\u00f3 el d\u00eda de hoy (\u2026). La persona result\u00f3 un tanto lastimada, se le atendi\u00f3 oportunamente, pero es importante ser cautos\u201d.<\/p>\n","protected":false},"excerpt":{"rendered":"<p>Dar\u00edo Pale Xalapa, Ver.- El regidor Diego Florescano P\u00e9rez, titular de la Comisi\u00f3n Edilicia de Protecci\u00f3n Civil del Ayuntamiento de Xalapa, dio a conocer que debido a las condiciones clim\u00e1ticas, aumentan los accidentes en calles del primer cuadro en el centro de Xalapa. En entrevista coment\u00f3 que, algunas calles del primer cuadro en el centro [&hellip;]<\/p>\n","protected":false},"author":2476,"featured_media":62993,"comment_status":"open","ping_status":"open","sticky":false,"template":"","format":"standard","meta":{"_jetpack_memberships_contains_paid_content":false,"footnotes":""},"categories":[3],"tags":[],"class_list":["post-62992","post","type-post","status-publish","format-standard","has-post-thumbnail","hentry","category-xalapa"],"jetpack_featured_media_url":"https:\/\/encuentroinformativo.com.mx\/wp-content\/uploads\/2025\/01\/IMG-20250123-WA01501.jpg","jetpack_sharing_enabled":true,"jetpack_likes_enabled":true,"amp_enabled":true,"_links":{"self":[{"href":"https:\/\/encuentroinformativo.com.mx\/index.php?rest_route=\/wp\/v2\/posts\/62992","targetHints":{"allow":["GET"]}}],"collection":[{"href":"https:\/\/encuentroinformativo.com.mx\/index.php?rest_route=\/wp\/v2\/posts"}],"about":[{"href":"https:\/\/encuentroinformativo.com.mx\/index.php?rest_route=\/wp\/v2\/types\/post"}],"author":[{"embeddable":true,"href":"https:\/\/encuentroinformativo.com.mx\/index.php?rest_route=\/wp\/v2\/users\/2476"}],"replies":[{"embeddable":true,"href":"https:\/\/encuentroinformativo.com.mx\/index.php?rest_route=%2Fwp%2Fv2%2Fcomments&post=62992"}],"version-history":[{"count":1,"href":"https:\/\/encuentroinformativo.com.mx\/index.php?rest_route=\/wp\/v2\/posts\/62992\/revisions"}],"predecessor-version":[{"id":62994,"href":"https:\/\/encuentroinformativo.com.mx\/index.php?rest_route=\/wp\/v2\/posts\/62992\/revisions\/62994"}],"wp:featuredmedia":[{"embeddable":true,"href":"https:\/\/encuentroinformativo.com.mx\/index.php?rest_route=\/wp\/v2\/media\/62993"}],"wp:attachment":[{"href":"https:\/\/encuentroinformativo.com.mx\/index.php?rest_route=%2Fwp%2Fv2%2Fmedia&parent=62992"}],"wp:term":[{"taxonomy":"category","embeddable":true,"href":"https:\/\/encuentroinformativo.com.mx\/index.php?rest_route=%2Fwp%2Fv2%2Fcategories&post=62992"},{"taxonomy":"post_tag","embeddable":true,"href":"https:\/\/encuentroinformativo.com.mx\/index.php?rest_route=%2Fwp%2Fv2%2Ftags&post=62992"}],"curies":[{"name":"wp","href":"https:\/\/api.w.org\/{rel}","templated":true}]}}