{"id":62995,"date":"2025-01-23T16:16:57","date_gmt":"2025-01-23T22:16:57","guid":{"rendered":"https:\/\/encuentroinformativo.com.mx\/?p=62995"},"modified":"2025-01-23T16:16:57","modified_gmt":"2025-01-23T22:16:57","slug":"se-requeririan-8-5-mdp-para-liquidar-a-trabajadores-del-ivai","status":"publish","type":"post","link":"https:\/\/encuentroinformativo.com.mx\/?p=62995","title":{"rendered":"Se requerir\u00edan 8.5 mdp para liquidar a trabajadores del IVAI"},"content":{"rendered":"<p><strong style=\"font-size: 1rem;\">Dar\u00edo Pale<\/strong><\/p>\n<p>Xalapa, Ver.- En su \u00faltima comparecencia, antes de su desaparici\u00f3n el consejero presidente del Instituto Veracruzano de Acceso a la Informaci\u00f3n y Protecci\u00f3n de Datos Personales (IVAI), David Agust\u00edn Jim\u00e9nez Rojas confirm\u00f3 que 103 trabajadores perder\u00e1n su trabajo, por lo que se requieren 8.5 mdp para la liquidaci\u00f3n en caso de que no puedan ser colocados en dependencias estatales.<\/p>\n<p>Dio a conocer que, &#8220;lo he manifestado que esas 103 plazas autorizadas son del personal t\u00e9cnico especializado que bien lo podr\u00eda absorber la Controlar\u00eda general del estado, pero el \u00e1rea de oportunidad la tienen ustedes c\u00f3mo Congreso para que podamos salvaguardar los derechos laborales&#8221;, se\u00f1al\u00f3.<\/p>\n<p>En su \u00faltima comparecencia como presidente del IVAI, destac\u00f3 que se respetaran en todo momento los derechos laborales de los trabajadores &#8220;y en esta base estamos haciendo un c\u00e1lculo estimado y en el peor de los escenarios de liquidar a todo el personal, a los 103 trabajadores y estamos hablando de 8.5 millones de pesos que tampoco es algo gravoso&#8221;.<\/p>\n<p>Finalmente se\u00f1al\u00f3 que lo ideal, es que se aproveche el conocimiento del personal y transiten hacia otras dependencias estatales como la Contralor\u00eda, el Organismo P\u00fablico Local Electoral y el \u00d3rgano de Fiscalizaci\u00f3n.<\/p>\n<p>&nbsp;<\/p>\n","protected":false},"excerpt":{"rendered":"<p>Dar\u00edo Pale Xalapa, Ver.- En su \u00faltima comparecencia, antes de su desaparici\u00f3n el consejero presidente del Instituto Veracruzano de Acceso a la Informaci\u00f3n y Protecci\u00f3n de Datos Personales (IVAI), David Agust\u00edn Jim\u00e9nez Rojas confirm\u00f3 que 103 trabajadores perder\u00e1n su trabajo, por lo que se requieren 8.5 mdp para la liquidaci\u00f3n en caso de que no [&hellip;]<\/p>\n","protected":false},"author":2476,"featured_media":62996,"comment_status":"open","ping_status":"open","sticky":false,"template":"","format":"standard","meta":{"_jetpack_memberships_contains_paid_content":false,"footnotes":""},"categories":[2],"tags":[],"class_list":["post-62995","post","type-post","status-publish","format-standard","has-post-thumbnail","hentry","category-estado"],"jetpack_featured_media_url":"https:\/\/encuentroinformativo.com.mx\/wp-content\/uploads\/2025\/01\/IMG-20250123-WA01532.jpg","jetpack_sharing_enabled":true,"jetpack_likes_enabled":true,"amp_enabled":true,"_links":{"self":[{"href":"https:\/\/encuentroinformativo.com.mx\/index.php?rest_route=\/wp\/v2\/posts\/62995","targetHints":{"allow":["GET"]}}],"collection":[{"href":"https:\/\/encuentroinformativo.com.mx\/index.php?rest_route=\/wp\/v2\/posts"}],"about":[{"href":"https:\/\/encuentroinformativo.com.mx\/index.php?rest_route=\/wp\/v2\/types\/post"}],"author":[{"embeddable":true,"href":"https:\/\/encuentroinformativo.com.mx\/index.php?rest_route=\/wp\/v2\/users\/2476"}],"replies":[{"embeddable":true,"href":"https:\/\/encuentroinformativo.com.mx\/index.php?rest_route=%2Fwp%2Fv2%2Fcomments&post=62995"}],"version-history":[{"count":1,"href":"https:\/\/encuentroinformativo.com.mx\/index.php?rest_route=\/wp\/v2\/posts\/62995\/revisions"}],"predecessor-version":[{"id":62997,"href":"https:\/\/encuentroinformativo.com.mx\/index.php?rest_route=\/wp\/v2\/posts\/62995\/revisions\/62997"}],"wp:featuredmedia":[{"embeddable":true,"href":"https:\/\/encuentroinformativo.com.mx\/index.php?rest_route=\/wp\/v2\/media\/62996"}],"wp:attachment":[{"href":"https:\/\/encuentroinformativo.com.mx\/index.php?rest_route=%2Fwp%2Fv2%2Fmedia&parent=62995"}],"wp:term":[{"taxonomy":"category","embeddable":true,"href":"https:\/\/encuentroinformativo.com.mx\/index.php?rest_route=%2Fwp%2Fv2%2Fcategories&post=62995"},{"taxonomy":"post_tag","embeddable":true,"href":"https:\/\/encuentroinformativo.com.mx\/index.php?rest_route=%2Fwp%2Fv2%2Ftags&post=62995"}],"curies":[{"name":"wp","href":"https:\/\/api.w.org\/{rel}","templated":true}]}}