{"id":62998,"date":"2025-01-23T16:20:49","date_gmt":"2025-01-23T22:20:49","guid":{"rendered":"https:\/\/encuentroinformativo.com.mx\/?p=62998"},"modified":"2025-01-23T16:20:49","modified_gmt":"2025-01-23T22:20:49","slug":"en-boca-del-rio-el-que-trabaja-se-queda-y-el-que-no-se-va-senala-alcalde","status":"publish","type":"post","link":"https:\/\/encuentroinformativo.com.mx\/?p=62998","title":{"rendered":"En Boca del R\u00edo el qu\u00e9 trabaja se queda y el que no se va, se\u00f1ala alcalde"},"content":{"rendered":"<p><strong style=\"font-size: 1rem;\">Alejandro \u00c1vila<\/strong><\/p>\n<p>Boca del R\u00edo, Ver.- Antes los se\u00f1alamientos sobre presuntos despidos en el Ayuntamiento de Boca del R\u00edo, el alcalde Juan Manuel de Unanue Abascal, sali\u00f3 al paso y aclar\u00f3 que, las personas que han sido separadas de su cargo es porque tras una evaluaci\u00f3n no han cumplido con el objetivo de servir a la ciudadan\u00eda.<\/p>\n<p>El presidente municipal boque\u00f1o puntualiz\u00f3 que en el servicio p\u00fablico la prioridad es trabajar para la ciudadan\u00eda y aquel empleado que no cumpla con su labor tendr\u00e1 que ser cesado de su cargo, pues los boque\u00f1os exigen resultados d\u00eda a d\u00eda.<\/p>\n<p>&#8220;Hubieron bajas, a ver, en los entes p\u00fablicos y privados se deben hacer evaluaciones puntuales, y aqu\u00ed lo que quiere la ciudadan\u00eda es gente que de resultados. Entonces, yo hago evaluaciones, no nada m\u00e1s ahorita sino durante los tres a\u00f1os de mi gobierno se hacen evaluaciones, el que trabaja se queda porque yo tengo que dar resultados, el qu\u00e9 trabaja se queda y el que no se va. Durante los tres a\u00f1os se han hecho evaluaciones y es la responsabilidad de un servidor dar resultados a la ciudadan\u00eda y lo voy a seguir haciendo durante los meses que me quedan de gobierno, el que trabaje se queda y el que no trabaje se va&#8221;, expres\u00f3.<\/p>\n<p>En otro tema, mencion\u00f3 que los trabajos que realiza el Gobierno del Estado en el socav\u00f3n que existe en el bulevar &#8220;Manuel \u00c1vila Camacho&#8221; est\u00e1n a punto de concluirse, y pronto har\u00e1 un recorrido en compa\u00f1\u00eda de la gobernadora, Roc\u00edo Nahle Garc\u00eda, para comprobar que la obra qued\u00f3 culminada al cien por ciento.<\/p>\n","protected":false},"excerpt":{"rendered":"<p>Alejandro \u00c1vila Boca del R\u00edo, Ver.- Antes los se\u00f1alamientos sobre presuntos despidos en el Ayuntamiento de Boca del R\u00edo, el alcalde Juan Manuel de Unanue Abascal, sali\u00f3 al paso y aclar\u00f3 que, las personas que han sido separadas de su cargo es porque tras una evaluaci\u00f3n no han cumplido con el objetivo de servir a [&hellip;]<\/p>\n","protected":false},"author":2476,"featured_media":62999,"comment_status":"open","ping_status":"open","sticky":false,"template":"","format":"standard","meta":{"_jetpack_memberships_contains_paid_content":false,"footnotes":""},"categories":[2],"tags":[],"class_list":["post-62998","post","type-post","status-publish","format-standard","has-post-thumbnail","hentry","category-estado"],"jetpack_featured_media_url":"https:\/\/encuentroinformativo.com.mx\/wp-content\/uploads\/2025\/01\/IMG-20250123-WA01382.jpg","jetpack_sharing_enabled":true,"jetpack_likes_enabled":true,"amp_enabled":true,"_links":{"self":[{"href":"https:\/\/encuentroinformativo.com.mx\/index.php?rest_route=\/wp\/v2\/posts\/62998","targetHints":{"allow":["GET"]}}],"collection":[{"href":"https:\/\/encuentroinformativo.com.mx\/index.php?rest_route=\/wp\/v2\/posts"}],"about":[{"href":"https:\/\/encuentroinformativo.com.mx\/index.php?rest_route=\/wp\/v2\/types\/post"}],"author":[{"embeddable":true,"href":"https:\/\/encuentroinformativo.com.mx\/index.php?rest_route=\/wp\/v2\/users\/2476"}],"replies":[{"embeddable":true,"href":"https:\/\/encuentroinformativo.com.mx\/index.php?rest_route=%2Fwp%2Fv2%2Fcomments&post=62998"}],"version-history":[{"count":1,"href":"https:\/\/encuentroinformativo.com.mx\/index.php?rest_route=\/wp\/v2\/posts\/62998\/revisions"}],"predecessor-version":[{"id":63000,"href":"https:\/\/encuentroinformativo.com.mx\/index.php?rest_route=\/wp\/v2\/posts\/62998\/revisions\/63000"}],"wp:featuredmedia":[{"embeddable":true,"href":"https:\/\/encuentroinformativo.com.mx\/index.php?rest_route=\/wp\/v2\/media\/62999"}],"wp:attachment":[{"href":"https:\/\/encuentroinformativo.com.mx\/index.php?rest_route=%2Fwp%2Fv2%2Fmedia&parent=62998"}],"wp:term":[{"taxonomy":"category","embeddable":true,"href":"https:\/\/encuentroinformativo.com.mx\/index.php?rest_route=%2Fwp%2Fv2%2Fcategories&post=62998"},{"taxonomy":"post_tag","embeddable":true,"href":"https:\/\/encuentroinformativo.com.mx\/index.php?rest_route=%2Fwp%2Fv2%2Ftags&post=62998"}],"curies":[{"name":"wp","href":"https:\/\/api.w.org\/{rel}","templated":true}]}}