{"id":63010,"date":"2025-01-24T09:32:58","date_gmt":"2025-01-24T15:32:58","guid":{"rendered":"https:\/\/encuentroinformativo.com.mx\/?p=63010"},"modified":"2025-01-24T09:32:58","modified_gmt":"2025-01-24T15:32:58","slug":"se-va-a-enojar-nahle","status":"publish","type":"post","link":"https:\/\/encuentroinformativo.com.mx\/?p=63010","title":{"rendered":"SE VA A ENOJAR NAHLE"},"content":{"rendered":"<p dir=\"ltr\"><strong>Los Pol\u00edticos<\/strong><\/p>\n<p dir=\"ltr\"><strong>Salvador Mu\u00f1oz<\/strong><\/p>\n<p dir=\"ltr\"><span style=\"font-size: 1rem;\">Escribimos ayer que si algo tiene Veracruz, es que es una tierra generosa con sus habitantes y hospitalaria con quienes vienen de fuera\u2026 pusimos ejemplos de quienes llegaron a la entidad y crecieron, sea en lo econ\u00f3mico o pol\u00edtico, o ambas\u2026 casos como el de Ram\u00f3n D\u00edaz \u00c1vila, Roc\u00edo Nahle y Ahued son los m\u00ednimos a contar\u2026<\/span><\/p>\n<p dir=\"ltr\">Hay otros casos similares pero internos, es decir, que llegaron de otro municipio, como es el caso de quien escribe, por ejemplo: de Orizaba a Xalapa. El de Dante: de Alvarado a C\u00f3rdoba. Mismo caso para Duarte: De Veracruz a C\u00f3rdoba y podr\u00edamos seguir nombrando botones pero creo que la Atenas Veracruzana y el Puerto jarocho, as\u00ed como Boca del R\u00edo, pueden ser los mejores puntos de estos casos migratorios donde se hizo un nuevo hogar.<\/p>\n<p dir=\"ltr\">El asunto ahora, cuando se est\u00e1 en la antesala de seleccionar candidatos o candidatas a la presidencia municipal, es que hay aspirantes que juegan a una especie de \u201cchauvinismo localista\u201d (a lo mejor est\u00e1 muy jalada la expresi\u00f3n\u2026 si tiene otra mejor, bienvenida), para exaltar su origen sobre el de sus contrincantes que, como uno, lleg\u00f3 hace a\u00f1os a un municipio y se asent\u00f3.<\/p>\n<p dir=\"ltr\">S\u00ed, los fans de Enrique Santos Mendoza pueden aplaudir aunque hasta donde se sabe, no tiene ni tres a\u00f1os que vive en Coatepec, as\u00ed que \u00e9l no cuenta.<\/p>\n<p dir=\"ltr\">El asunto \u00e9ste de echar mano a las ra\u00edces contra quienes vinieron a echar ra\u00edces es un tema que conoce muy bien la gobernadora Roc\u00edo Nahle pues lo vivi\u00f3 en carne propia tanto en la contienda interna de su partido, como en la misma elecci\u00f3n a Gobernador, donde los mismos morenistas como la misma oposici\u00f3n, us\u00f3 ese \u201cChauvinismo localista\u201d para exaltar un \u201cveracruzanismo\u201d rampl\u00f3n que siendo sinceros, no existe\u2026 la gente, el pueblo, el veracruzano es generoso con quien llega de fuera y si \u00e9ste o \u00e9sta es buena onda, lo hace suyo\u2026 as\u00ed le pas\u00f3 a Nahle, a Ahued, a Ram\u00f3n, a Carlos Valenzuela y a otros que hasta alcaldes han sido y son\u2026<\/p>\n<p dir=\"ltr\">Lo mismo ocurre al interior del Estado\u2026 vamos! Si bien estoy orgulloso de ser orizabe\u00f1o, por la acogida que me dieron en\u2026 digo, por la bienvenida que me dieron en Xalapa, igual me siento muy xalape\u00f1o.<\/p>\n<p dir=\"ltr\">Entonces, a esos aspirantes a candidatos o candidatas que tratan de menospreciar la \u201cadopci\u00f3n\u201d de sus contrincantes, s\u00f3lo les recuerdo que volteen a ver la Gobernadora, quien sufri\u00f3 esa groser\u00eda de sus contrincantes, morenos y de la oposici\u00f3n, y dudo mucho que le agrade el uso de esta guerra sucia que hoy usan en contra de sus propios compa\u00f1eros y que a la vez, es poner un \u201carma politiquera\u201d en manos de la oposici\u00f3n\u2026 no se parezcan a Huerta, ni a Guti\u00e9rrez Luna ni a Bola 8\u2026 o preg\u00fantenle a Pepe Yunes si se sinti\u00f3 orgullo de esa estratagema pol\u00edtica contra Nahle\u2026<\/p>\n<p>&nbsp;<\/p>\n<p dir=\"ltr\">EL IVAI DE DAVID<\/p>\n<p dir=\"ltr\">Si algo deja la comparecencia de David Agust\u00edn Jim\u00e9nez, como Comisionado Presidente del IVAI, es el inter\u00e9s de las y los veracruzanos por acceder a informaci\u00f3n clave para evaluar a las y los servidores p\u00fablicos, as\u00ed como el desempe\u00f1o institucional. Muestra de ello, son las m\u00e1s de 20 mil solicitudes de informaci\u00f3n en las diversas actividades como las administrativas, sobre los servidores p\u00fablicos, datos sobre salud, educaci\u00f3n y por supuesto, compras gubernamentales.<\/p>\n<p dir=\"ltr\">La labor de David Agust\u00edn y equipo no s\u00f3lo se concentra en la transparencia de aqu\u00ed para all\u00e1, sino tambi\u00e9n de all\u00e1 para ac\u00e1 y as\u00ed lo expone el Orfis, que en ejercicio de sus facultades de fiscalizaci\u00f3n, no realiz\u00f3 una sola observaci\u00f3n a la \u00faltima cuenta p\u00fablica del Instituto.<\/p>\n<p dir=\"ltr\">Hay que destacar tambi\u00e9n el papel del IVAI en funci\u00f3n de las amonestaciones y multas a sujetos obligados que no cumplieron sus obligaciones de transparencia\u2026 no se trata de castigar, sino de incentivar el cumplimiento y sobre todo, consolidar una cultura de rendici\u00f3n de cuentas, como lo viene haciendo el IVAI de David Agust\u00edn.<\/p>\n","protected":false},"excerpt":{"rendered":"<p>Los Pol\u00edticos Salvador Mu\u00f1oz Escribimos ayer que si algo tiene Veracruz, es que es una tierra generosa con sus habitantes y hospitalaria con quienes vienen de fuera\u2026 pusimos ejemplos de quienes llegaron a la entidad y crecieron, sea en lo econ\u00f3mico o pol\u00edtico, o ambas\u2026 casos como el de Ram\u00f3n D\u00edaz \u00c1vila, Roc\u00edo Nahle y [&hellip;]<\/p>\n","protected":false},"author":2476,"featured_media":387,"comment_status":"open","ping_status":"open","sticky":false,"template":"","format":"standard","meta":{"_jetpack_memberships_contains_paid_content":false,"footnotes":""},"categories":[11],"tags":[],"class_list":["post-63010","post","type-post","status-publish","format-standard","has-post-thumbnail","hentry","category-opinion"],"jetpack_featured_media_url":"https:\/\/encuentroinformativo.com.mx\/wp-content\/uploads\/2020\/03\/7CF8A22B-2764-47BE-8F7F-38FE9E5D6A2F.jpeg","jetpack_sharing_enabled":true,"jetpack_likes_enabled":true,"amp_enabled":true,"_links":{"self":[{"href":"https:\/\/encuentroinformativo.com.mx\/index.php?rest_route=\/wp\/v2\/posts\/63010","targetHints":{"allow":["GET"]}}],"collection":[{"href":"https:\/\/encuentroinformativo.com.mx\/index.php?rest_route=\/wp\/v2\/posts"}],"about":[{"href":"https:\/\/encuentroinformativo.com.mx\/index.php?rest_route=\/wp\/v2\/types\/post"}],"author":[{"embeddable":true,"href":"https:\/\/encuentroinformativo.com.mx\/index.php?rest_route=\/wp\/v2\/users\/2476"}],"replies":[{"embeddable":true,"href":"https:\/\/encuentroinformativo.com.mx\/index.php?rest_route=%2Fwp%2Fv2%2Fcomments&post=63010"}],"version-history":[{"count":1,"href":"https:\/\/encuentroinformativo.com.mx\/index.php?rest_route=\/wp\/v2\/posts\/63010\/revisions"}],"predecessor-version":[{"id":63011,"href":"https:\/\/encuentroinformativo.com.mx\/index.php?rest_route=\/wp\/v2\/posts\/63010\/revisions\/63011"}],"wp:featuredmedia":[{"embeddable":true,"href":"https:\/\/encuentroinformativo.com.mx\/index.php?rest_route=\/wp\/v2\/media\/387"}],"wp:attachment":[{"href":"https:\/\/encuentroinformativo.com.mx\/index.php?rest_route=%2Fwp%2Fv2%2Fmedia&parent=63010"}],"wp:term":[{"taxonomy":"category","embeddable":true,"href":"https:\/\/encuentroinformativo.com.mx\/index.php?rest_route=%2Fwp%2Fv2%2Fcategories&post=63010"},{"taxonomy":"post_tag","embeddable":true,"href":"https:\/\/encuentroinformativo.com.mx\/index.php?rest_route=%2Fwp%2Fv2%2Ftags&post=63010"}],"curies":[{"name":"wp","href":"https:\/\/api.w.org\/{rel}","templated":true}]}}