{"id":6303,"date":"2020-09-29T12:39:44","date_gmt":"2020-09-29T17:39:44","guid":{"rendered":"https:\/\/encuentroinformativo.com.mx\/?p=6303"},"modified":"2020-09-29T12:39:46","modified_gmt":"2020-09-29T17:39:46","slug":"veracruzanos-siguen-migrando-por-falta-de-empleos-cadena","status":"publish","type":"post","link":"https:\/\/encuentroinformativo.com.mx\/?p=6303","title":{"rendered":"Veracruzanos siguen migrando por falta de empleos: Cadena"},"content":{"rendered":"\n<p><strong>Juan Arcos <\/strong><\/p>\n\n\n\n<p>Xalapa, Ver.- El dirigente estatal del Partido de la Revoluci\u00f3n Democr\u00e1tica (PRD), Sergio Cadena Mart\u00ednez, lament\u00f3 que m\u00e1s veracruzanos est\u00e9n migrando a Estados Unidos por falta de empleo y de oportunidades econ\u00f3micas.<\/p>\n\n\n\n<p>El l\u00edder del Sol Azteca en Veracruz critic\u00f3 que el presidente de la Rep\u00fablica, Andr\u00e9s Manuel L\u00f3pez Obrador, en su visita a la entidad, se haya congratulado por el incremento del 2 por ciento de las remesas que llegan a miles de familias de M\u00e9xico y Veracruz.<\/p>\n\n\n\n<p>\u201cLa gente se sigue yendo a los Estados Unidos por falta de empleo y de oportunidades econ\u00f3micas que no generan los gobiernos de la cuarta transformaci\u00f3n\u201d.<\/p>\n\n\n\n<p>Rechaz\u00f3 que el aumento en las remesas corresponda a un logro econ\u00f3mico por parte del gobierno federal.<\/p>\n\n\n\n<p>\u201cNo es correcto que el Presidente celebre el aumento en las remesas recibidas que son recursos por los que miles de familias resuelven sus necesidades econ\u00f3micas con el riesgo que implica para nuestros paisanos migrantes\u201d.<\/p>\n\n\n\n<p>Cabe recordar que las remeras de d\u00f3lares enviados desde Estados Unidos a sus familiares por los inmigrantes, se han convertido en una importante fuente de divisas para los pa\u00edses latinoamericanos.<\/p>\n\n\n\n<p>Cadena Mart\u00ednez consider\u00f3 que la gira de L\u00f3pez Obrador en Veracruz podr\u00eda considerarse como un acto proselitista, pues anunci\u00f3 resultados en los programas sociales, los cuales no se ven en el estado.<\/p>\n\n\n\n<p>A\u00f1adi\u00f3 que en Veracruz se prev\u00e9 una crisis econ\u00f3mica que no ha sido atendida por el gobierno estatal.<\/p>\n\n\n\n<p>\u201cAunque el presidente dijo que en total se otorgaron, en cinco meses, 111 mil cr\u00e9ditos a la palabra a peque\u00f1as empresas, con un monto total de 2 mil 800 millones de pesos\u201d.<\/p>\n\n\n\n<p>Sin embargo, reprob\u00f3 que no exista un registro oficial de dichos apoyos entregados y no haya trasparencia por parte del gobierno.<\/p>\n","protected":false},"excerpt":{"rendered":"<p>Juan Arcos Xalapa, Ver.- El dirigente estatal del Partido de la Revoluci\u00f3n Democr\u00e1tica (PRD), Sergio Cadena Mart\u00ednez, lament\u00f3 que m\u00e1s veracruzanos est\u00e9n migrando a Estados Unidos por falta de empleo y de oportunidades econ\u00f3micas. El l\u00edder del Sol Azteca en Veracruz critic\u00f3 que el presidente de la Rep\u00fablica, Andr\u00e9s Manuel L\u00f3pez Obrador, en su visita [&hellip;]<\/p>\n","protected":false},"author":1,"featured_media":4854,"comment_status":"open","ping_status":"open","sticky":false,"template":"","format":"standard","meta":{"_jetpack_memberships_contains_paid_content":false,"footnotes":""},"categories":[2],"tags":[],"class_list":["post-6303","post","type-post","status-publish","format-standard","has-post-thumbnail","hentry","category-estado"],"jetpack_featured_media_url":"https:\/\/encuentroinformativo.com.mx\/wp-content\/uploads\/2020\/08\/AD8DC5F6-FEA1-4FF4-806C-0FB922FDE239.jpeg","jetpack_sharing_enabled":true,"jetpack_likes_enabled":true,"amp_enabled":true,"_links":{"self":[{"href":"https:\/\/encuentroinformativo.com.mx\/index.php?rest_route=\/wp\/v2\/posts\/6303","targetHints":{"allow":["GET"]}}],"collection":[{"href":"https:\/\/encuentroinformativo.com.mx\/index.php?rest_route=\/wp\/v2\/posts"}],"about":[{"href":"https:\/\/encuentroinformativo.com.mx\/index.php?rest_route=\/wp\/v2\/types\/post"}],"author":[{"embeddable":true,"href":"https:\/\/encuentroinformativo.com.mx\/index.php?rest_route=\/wp\/v2\/users\/1"}],"replies":[{"embeddable":true,"href":"https:\/\/encuentroinformativo.com.mx\/index.php?rest_route=%2Fwp%2Fv2%2Fcomments&post=6303"}],"version-history":[{"count":1,"href":"https:\/\/encuentroinformativo.com.mx\/index.php?rest_route=\/wp\/v2\/posts\/6303\/revisions"}],"predecessor-version":[{"id":6304,"href":"https:\/\/encuentroinformativo.com.mx\/index.php?rest_route=\/wp\/v2\/posts\/6303\/revisions\/6304"}],"wp:featuredmedia":[{"embeddable":true,"href":"https:\/\/encuentroinformativo.com.mx\/index.php?rest_route=\/wp\/v2\/media\/4854"}],"wp:attachment":[{"href":"https:\/\/encuentroinformativo.com.mx\/index.php?rest_route=%2Fwp%2Fv2%2Fmedia&parent=6303"}],"wp:term":[{"taxonomy":"category","embeddable":true,"href":"https:\/\/encuentroinformativo.com.mx\/index.php?rest_route=%2Fwp%2Fv2%2Fcategories&post=6303"},{"taxonomy":"post_tag","embeddable":true,"href":"https:\/\/encuentroinformativo.com.mx\/index.php?rest_route=%2Fwp%2Fv2%2Ftags&post=6303"}],"curies":[{"name":"wp","href":"https:\/\/api.w.org\/{rel}","templated":true}]}}