{"id":63046,"date":"2025-01-24T14:42:16","date_gmt":"2025-01-24T20:42:16","guid":{"rendered":"https:\/\/encuentroinformativo.com.mx\/?p=63046"},"modified":"2025-01-24T14:42:16","modified_gmt":"2025-01-24T20:42:16","slug":"solicita-tev-ampliacion-presupuestal-para-eleccion-de-jueces-y-magistrados","status":"publish","type":"post","link":"https:\/\/encuentroinformativo.com.mx\/?p=63046","title":{"rendered":"Solicita TEV ampliaci\u00f3n presupuestal para elecci\u00f3n de jueces y magistrados"},"content":{"rendered":"<div id=\"m#msg-f:1822159689550708059\" class=\"mail-message expanded\">\n<div id=\"m#msg-f:1822159689550708059-content\" class=\"mail-message-content collapsible zoom-normal  \">\n<div class=\"clear\">\n<div dir=\"auto\">\n<div dir=\"auto\">\n<p><strong><span style=\"font-size: 1rem;\">Dar\u00edo Pale<\/span><\/strong><\/p>\n<p>Xalapa, Ver.- La Magistrada presidenta del Tribunal Electoral de Veracruz (TEV), Claudia D\u00edaz Tablada dio a conocer que solicit\u00f3 una ampliaci\u00f3n presupuestal para las pr\u00f3ximas elecciones de jueces y magistrados.<\/p>\n<p>En entrevista mencion\u00f3 que tras la reforma al Poder Judicial de Veracruz tendr\u00e1n que conocer los asuntos de los candidatos a juzgadores.<\/p>\n<p>&#8220;Estamos preparados y checando todo lo que va saliendo, porque ya tambi\u00e9n se aprob\u00f3 la reforma al C\u00f3digo Electoral, en donde se hacen m\u00e1s especificaciones y tenemos un panorama m\u00e1s amplio&#8221;, destac\u00f3.<\/p>\n<p>La togada reconoci\u00f3 que aunque hay nuevas modificaciones legales, el Tribunal se est\u00e1 capacitando para garantizar que todos los actos se ajusten a la constitucionalidad.<\/p>\n<p>D\u00edaz Tablada resalt\u00f3 que los comit\u00e9s de evaluaci\u00f3n se encargar\u00e1n de recibir los documentos de quienes aspiran a participar en el proceso electoral extraordinario.<\/p>\n<p>Incluso tendr\u00e1n competencia para analizar las inconformidades de aquellos que sean eliminados por dichos comit\u00e9s de evaluaci\u00f3n a trav\u00e9s de los juicios para la protecci\u00f3n de los derechos pol\u00edtico- electorales del ciudadano o a trav\u00e9s de los recurso de apelaci\u00f3n o el de inconformidad que tiene que ver con el resultado de la elecci\u00f3n.<\/p>\n<p>&#8220;Tambi\u00e9n vamos a conocer de los resultados de elecci\u00f3n de jueces y de magistrados en caso de que se llegara a impugnar&#8221;, subray\u00f3.<\/p>\n<p>Por lo que debido a que el TEV ser\u00e1 competente para conocer los asuntos relacionados con la elecci\u00f3n municipal y la elecci\u00f3n de jueces y magistrados del Estado, la presidenta del \u00f3rgano jurisdiccional, adelant\u00f3 que solicitaron una ampliaci\u00f3n de su presupuesto.<\/p>\n<p>Indic\u00f3 que en procesos electorales se incrementa la carga de trabajo y piden una ampliaci\u00f3n a la Secretar\u00eda de Finanzas y Planeaci\u00f3n, por lo que ya tocaron la puerta del titular de dicha dependencia.<\/p>\n<p>&#8220;En este momento nos est\u00e1n dando lo del presupuesto que son 93 millones, pero hay mayor contrataci\u00f3n de personal, que es lo que genera mayor gasto\u201d, se\u00f1al\u00f3.<\/p>\n<p>Finalmente coment\u00f3 que, \u201cadem\u00e1s hay un mayor servicio de luz y todas esas cuestiones, por eso estamos analizando para ver cu\u00e1nto es posible que nos pudieran ampliar. Hicimos un anteproyecto y est\u00e1n viendo cu\u00e1nto nos podr\u00edan dar, estamos a la espera&#8221;.<\/p>\n<\/div>\n<\/div>\n<\/div>\n<\/div>\n<\/div>\n","protected":false},"excerpt":{"rendered":"<p>Dar\u00edo Pale Xalapa, Ver.- La Magistrada presidenta del Tribunal Electoral de Veracruz (TEV), Claudia D\u00edaz Tablada dio a conocer que solicit\u00f3 una ampliaci\u00f3n presupuestal para las pr\u00f3ximas elecciones de jueces y magistrados. En entrevista mencion\u00f3 que tras la reforma al Poder Judicial de Veracruz tendr\u00e1n que conocer los asuntos de los candidatos a juzgadores. &#8220;Estamos [&hellip;]<\/p>\n","protected":false},"author":2476,"featured_media":63047,"comment_status":"open","ping_status":"open","sticky":false,"template":"","format":"standard","meta":{"_jetpack_memberships_contains_paid_content":false,"footnotes":""},"categories":[2],"tags":[],"class_list":["post-63046","post","type-post","status-publish","format-standard","has-post-thumbnail","hentry","category-estado"],"jetpack_featured_media_url":"https:\/\/encuentroinformativo.com.mx\/wp-content\/uploads\/2025\/01\/IMG-20250124-WA01072.jpg","jetpack_sharing_enabled":true,"jetpack_likes_enabled":true,"amp_enabled":true,"_links":{"self":[{"href":"https:\/\/encuentroinformativo.com.mx\/index.php?rest_route=\/wp\/v2\/posts\/63046","targetHints":{"allow":["GET"]}}],"collection":[{"href":"https:\/\/encuentroinformativo.com.mx\/index.php?rest_route=\/wp\/v2\/posts"}],"about":[{"href":"https:\/\/encuentroinformativo.com.mx\/index.php?rest_route=\/wp\/v2\/types\/post"}],"author":[{"embeddable":true,"href":"https:\/\/encuentroinformativo.com.mx\/index.php?rest_route=\/wp\/v2\/users\/2476"}],"replies":[{"embeddable":true,"href":"https:\/\/encuentroinformativo.com.mx\/index.php?rest_route=%2Fwp%2Fv2%2Fcomments&post=63046"}],"version-history":[{"count":1,"href":"https:\/\/encuentroinformativo.com.mx\/index.php?rest_route=\/wp\/v2\/posts\/63046\/revisions"}],"predecessor-version":[{"id":63048,"href":"https:\/\/encuentroinformativo.com.mx\/index.php?rest_route=\/wp\/v2\/posts\/63046\/revisions\/63048"}],"wp:featuredmedia":[{"embeddable":true,"href":"https:\/\/encuentroinformativo.com.mx\/index.php?rest_route=\/wp\/v2\/media\/63047"}],"wp:attachment":[{"href":"https:\/\/encuentroinformativo.com.mx\/index.php?rest_route=%2Fwp%2Fv2%2Fmedia&parent=63046"}],"wp:term":[{"taxonomy":"category","embeddable":true,"href":"https:\/\/encuentroinformativo.com.mx\/index.php?rest_route=%2Fwp%2Fv2%2Fcategories&post=63046"},{"taxonomy":"post_tag","embeddable":true,"href":"https:\/\/encuentroinformativo.com.mx\/index.php?rest_route=%2Fwp%2Fv2%2Ftags&post=63046"}],"curies":[{"name":"wp","href":"https:\/\/api.w.org\/{rel}","templated":true}]}}