{"id":63049,"date":"2025-01-24T15:03:14","date_gmt":"2025-01-24T21:03:14","guid":{"rendered":"https:\/\/encuentroinformativo.com.mx\/?p=63049"},"modified":"2025-01-24T15:03:14","modified_gmt":"2025-01-24T21:03:14","slug":"continua-analisis-de-las-aportaciones-para-tipificar-la-violencia-vicaria","status":"publish","type":"post","link":"https:\/\/encuentroinformativo.com.mx\/?p=63049","title":{"rendered":"Contin\u00faa an\u00e1lisis de las aportaciones para tipificar la violencia vicaria"},"content":{"rendered":"<p><strong>* Encabeza la presidenta de la Mesa Directiva, diputada Tanya Carola Viveros Ch\u00e1zaro, la segunda reuni\u00f3n con expertas en la materia.<\/strong><\/p>\n<p style=\"font-weight: 400;\"><span style=\"font-size: 1rem;\">Xalapa, Ver.-\u00a0 Con la finalidad de avanzar en la revisi\u00f3n de las propuestas de reforma a diversos ordenamientos para tipificar en Veracruz el delito de violencia vicaria, la presidenta de la Mesa Directiva, diputada Tanya Carola Viveros Ch\u00e1zaro, realiz\u00f3 la segunda mesa de trabajo con feministas y especialistas en la materia, quienes se pronunciaron por construir una ley que permita la protecci\u00f3n a madres y mujeres v\u00edctimas de este il\u00edcito y la impartici\u00f3n de justicia pronta y expedita.<\/span><\/p>\n<p style=\"font-weight: 400;\"><span style=\"font-size: 1rem;\">La reuni\u00f3n se celebr\u00f3 en la sala Jes\u00fas Reyes Heroles del Palacio Legislativo y cont\u00f3 con la participaci\u00f3n de las magistradas Lizbeth Hern\u00e1ndez Ribb\u00f3n y Alma Rosa Flores Ceballos y el secretario general de Acuerdos, Gerardo Escobedo Garc\u00eda, en representaci\u00f3n del Poder Judicial estatal. Por la Comisi\u00f3n Estatal de los Derechos Humanos de Veracruz (CEDHV), la secretaria t\u00e9cnica Yeralding S\u00e1nchez Morales, y por el Instituto Veracruzano de las Mujeres (IVM), la encargada de despacho,\u00a0\u00a0<\/span><em style=\"font-size: 1rem;\">Zaira<\/em><span style=\"font-size: 1rem;\">\u00a0Fabiola del\u00a0<\/span><em style=\"font-size: 1rem;\">Toro Olivares.<\/em><\/p>\n<p style=\"font-weight: 400;\"><span style=\"font-size: 1rem;\">Participaron tambi\u00e9n personal del Instituto Municipal de las Mujeres de Poza Rica, integrantes de la asociaci\u00f3n civil Juan Manuel Alonso Rodr\u00edguez, de Colectivo Feminista Xalapa, Akelarre AC, Colmena Verde, Justicia para Madres e Infancia, Sobrevivientes de Feminicidio, Red Jacaranda, Red de Mujeres Feministas de Veracruz, del Frente Nacional contra la Violencia Vicaria y la encargada del Centro de Estudios para la Igualdad de G\u00e9nero y Derechos Humanos del Congreso del Estado, Arhely Cuesta Briones.<\/span><\/p>\n","protected":false},"excerpt":{"rendered":"<p>* Encabeza la presidenta de la Mesa Directiva, diputada Tanya Carola Viveros Ch\u00e1zaro, la segunda reuni\u00f3n con expertas en la materia. Xalapa, Ver.-\u00a0 Con la finalidad de avanzar en la revisi\u00f3n de las propuestas de reforma a diversos ordenamientos para tipificar en Veracruz el delito de violencia vicaria, la presidenta de la Mesa Directiva, diputada [&hellip;]<\/p>\n","protected":false},"author":2476,"featured_media":63050,"comment_status":"open","ping_status":"open","sticky":false,"template":"","format":"standard","meta":{"_jetpack_memberships_contains_paid_content":false,"footnotes":""},"categories":[2],"tags":[],"class_list":["post-63049","post","type-post","status-publish","format-standard","has-post-thumbnail","hentry","category-estado"],"jetpack_featured_media_url":"https:\/\/encuentroinformativo.com.mx\/wp-content\/uploads\/2025\/01\/NOV24ENE2025TANYA22-scaled.jpeg","jetpack_sharing_enabled":true,"jetpack_likes_enabled":true,"amp_enabled":true,"_links":{"self":[{"href":"https:\/\/encuentroinformativo.com.mx\/index.php?rest_route=\/wp\/v2\/posts\/63049","targetHints":{"allow":["GET"]}}],"collection":[{"href":"https:\/\/encuentroinformativo.com.mx\/index.php?rest_route=\/wp\/v2\/posts"}],"about":[{"href":"https:\/\/encuentroinformativo.com.mx\/index.php?rest_route=\/wp\/v2\/types\/post"}],"author":[{"embeddable":true,"href":"https:\/\/encuentroinformativo.com.mx\/index.php?rest_route=\/wp\/v2\/users\/2476"}],"replies":[{"embeddable":true,"href":"https:\/\/encuentroinformativo.com.mx\/index.php?rest_route=%2Fwp%2Fv2%2Fcomments&post=63049"}],"version-history":[{"count":1,"href":"https:\/\/encuentroinformativo.com.mx\/index.php?rest_route=\/wp\/v2\/posts\/63049\/revisions"}],"predecessor-version":[{"id":63051,"href":"https:\/\/encuentroinformativo.com.mx\/index.php?rest_route=\/wp\/v2\/posts\/63049\/revisions\/63051"}],"wp:featuredmedia":[{"embeddable":true,"href":"https:\/\/encuentroinformativo.com.mx\/index.php?rest_route=\/wp\/v2\/media\/63050"}],"wp:attachment":[{"href":"https:\/\/encuentroinformativo.com.mx\/index.php?rest_route=%2Fwp%2Fv2%2Fmedia&parent=63049"}],"wp:term":[{"taxonomy":"category","embeddable":true,"href":"https:\/\/encuentroinformativo.com.mx\/index.php?rest_route=%2Fwp%2Fv2%2Fcategories&post=63049"},{"taxonomy":"post_tag","embeddable":true,"href":"https:\/\/encuentroinformativo.com.mx\/index.php?rest_route=%2Fwp%2Fv2%2Ftags&post=63049"}],"curies":[{"name":"wp","href":"https:\/\/api.w.org\/{rel}","templated":true}]}}