{"id":63052,"date":"2025-01-25T15:32:47","date_gmt":"2025-01-25T21:32:47","guid":{"rendered":"https:\/\/encuentroinformativo.com.mx\/?p=63052"},"modified":"2025-01-25T15:32:47","modified_gmt":"2025-01-25T21:32:47","slug":"personas-con-discapacidad-pueden-tramitar-su-credencial-de-elector-a-domicilio","status":"publish","type":"post","link":"https:\/\/encuentroinformativo.com.mx\/?p=63052","title":{"rendered":"Personas con discapacidad pueden tramitar su credencial de elector a domicilio"},"content":{"rendered":"<p><strong style=\"font-size: 1rem;\">Dar\u00edo Pale<\/strong><\/p>\n<p>Xalapa, Ver.- Para que los ciudadanos que por alguna limitaci\u00f3n f\u00edsica o discapacidad est\u00e9n imposibilitados para asistir a un M\u00f3dulo de Atenci\u00f3n Ciudadana del Instituto Nacional Electoral (INE) a realizar tr\u00e1mites relacionados con su Credencial para Votar, este 10 de febrero vence plazo para tramitar sus credenciales<\/p>\n<p>En entrevista el Vocal Ejecutivo de la Junta Local Ejecutiva del Instituto Nacional Electoral (INE), Josu\u00e9 Cervantes Mart\u00ednez dijo que aquellos que no la han tramitado a\u00fan podr\u00e1n solicitar la visita del personal del Registro Federal de Electores (RFE) a su domicilio.<\/p>\n<p>Dijo que, de igual forma, estas personas podr\u00e1n registrarse para votar de manera anticipada, tanto en el Proceso Electoral Local, en el que se renovar\u00e1n 212 Ayuntamientos de la entidad.<\/p>\n<p>El titular del INE en el estado manifest\u00f3 que las personas en condici\u00f3n de discapacidad y que necesiten que funcionariado del INE acuda a su domicilio, deber\u00e1n pedir a un familiar o amistad de confianza acudir a alguna oficina del INE y presentar la solicitud correspondiente, disponible en el portal ine.mx, acompa\u00f1ada de un certificado m\u00e9dico que acredite que no pueden asistir al M\u00f3dulo a realizar alg\u00fan tr\u00e1mite de manera ordinaria.<\/p>\n<p>El funcionario federal explic\u00f3 que, para garantizar el derecho a votar de todos, una modalidad de voto anticipado est\u00e1 orientada a la ciudadan\u00eda residente en territorio nacional que entre el 1 de enero de 2018 y el 10 de febrero de 2025 haya tramitado su Credencial para Votar.<\/p>\n<p>\u201cCon base en lo dispuesto en el art\u00edculo 141 de la Ley General de Instituciones y Procedimientos Electorales y que incluye a las personas con discapacidad que se encuentren imposibilitadas para asistir a una casilla, as\u00ed como a las personas cuidadoras primarias que es aquella que realiza actividades de cuidados para beneficio de otras personas del hogar o de otros hogares\u201d, se\u00f1al\u00f3.<\/p>\n<p>Tambi\u00e9n aclar\u00f3 el funcionario federal que las personas con discapacidad que no cuentan con un tr\u00e1mite al amparo del art\u00edculo 141 de la Ley General de Instituciones y Procedimientos Electorales y requieran participar en la modalidad de voto anticipado pueden solicitar tambi\u00e9n su incorporaci\u00f3n a trav\u00e9s de formatos y requisitos disponibles en la siguiente direcci\u00f3n https:\/\/ine.mx\/voto-y-elecciones\/voto-anticipado\/.<\/p>\n<p>Por \u00faltimo coment\u00f3 que los interesados deber\u00e1n enviar todos los documentos digitalizados a la cuenta de correo voto.anticipado@ine.mx, a m\u00e1s tardar el 10 de febrero de 2025.<\/p>\n","protected":false},"excerpt":{"rendered":"<p>Dar\u00edo Pale Xalapa, Ver.- Para que los ciudadanos que por alguna limitaci\u00f3n f\u00edsica o discapacidad est\u00e9n imposibilitados para asistir a un M\u00f3dulo de Atenci\u00f3n Ciudadana del Instituto Nacional Electoral (INE) a realizar tr\u00e1mites relacionados con su Credencial para Votar, este 10 de febrero vence plazo para tramitar sus credenciales En entrevista el Vocal Ejecutivo de [&hellip;]<\/p>\n","protected":false},"author":2476,"featured_media":63053,"comment_status":"open","ping_status":"open","sticky":false,"template":"","format":"standard","meta":{"_jetpack_memberships_contains_paid_content":false,"footnotes":""},"categories":[2],"tags":[],"class_list":["post-63052","post","type-post","status-publish","format-standard","has-post-thumbnail","hentry","category-estado"],"jetpack_featured_media_url":"https:\/\/encuentroinformativo.com.mx\/wp-content\/uploads\/2025\/01\/IMG-20250125-WA0093.jpg","jetpack_sharing_enabled":true,"jetpack_likes_enabled":true,"amp_enabled":true,"_links":{"self":[{"href":"https:\/\/encuentroinformativo.com.mx\/index.php?rest_route=\/wp\/v2\/posts\/63052","targetHints":{"allow":["GET"]}}],"collection":[{"href":"https:\/\/encuentroinformativo.com.mx\/index.php?rest_route=\/wp\/v2\/posts"}],"about":[{"href":"https:\/\/encuentroinformativo.com.mx\/index.php?rest_route=\/wp\/v2\/types\/post"}],"author":[{"embeddable":true,"href":"https:\/\/encuentroinformativo.com.mx\/index.php?rest_route=\/wp\/v2\/users\/2476"}],"replies":[{"embeddable":true,"href":"https:\/\/encuentroinformativo.com.mx\/index.php?rest_route=%2Fwp%2Fv2%2Fcomments&post=63052"}],"version-history":[{"count":1,"href":"https:\/\/encuentroinformativo.com.mx\/index.php?rest_route=\/wp\/v2\/posts\/63052\/revisions"}],"predecessor-version":[{"id":63054,"href":"https:\/\/encuentroinformativo.com.mx\/index.php?rest_route=\/wp\/v2\/posts\/63052\/revisions\/63054"}],"wp:featuredmedia":[{"embeddable":true,"href":"https:\/\/encuentroinformativo.com.mx\/index.php?rest_route=\/wp\/v2\/media\/63053"}],"wp:attachment":[{"href":"https:\/\/encuentroinformativo.com.mx\/index.php?rest_route=%2Fwp%2Fv2%2Fmedia&parent=63052"}],"wp:term":[{"taxonomy":"category","embeddable":true,"href":"https:\/\/encuentroinformativo.com.mx\/index.php?rest_route=%2Fwp%2Fv2%2Fcategories&post=63052"},{"taxonomy":"post_tag","embeddable":true,"href":"https:\/\/encuentroinformativo.com.mx\/index.php?rest_route=%2Fwp%2Fv2%2Ftags&post=63052"}],"curies":[{"name":"wp","href":"https:\/\/api.w.org\/{rel}","templated":true}]}}