{"id":63055,"date":"2025-01-26T13:30:07","date_gmt":"2025-01-26T19:30:07","guid":{"rendered":"https:\/\/encuentroinformativo.com.mx\/?p=63055"},"modified":"2025-01-26T13:30:07","modified_gmt":"2025-01-26T19:30:07","slug":"es-una-era-woke-o-de-retroceso-en-los-derechos","status":"publish","type":"post","link":"https:\/\/encuentroinformativo.com.mx\/?p=63055","title":{"rendered":"\u00bfEs una era Woke o de retroceso en los derechos?"},"content":{"rendered":"<p><strong><span style=\"font-size: 1rem;\">Columna de Opini\u00f3n<\/span><\/strong><\/p>\n<p><strong>Zaira Rosas<\/strong><\/p>\n<p>La administraci\u00f3n de Donald Trump comenz\u00f3 con un retroceso en derechos humanos al no reconocer a las personas transexuales, no binarias o de g\u00e9nero fluido, de igual forma solicit\u00f3 que las mujeres trans sean trasladadas a centros penitenciarios para hombres y que les sean suspendidos sus tratamientos hormonales.<\/p>\n<p>La hija de uno de los hombres m\u00e1s poderosos detr\u00e1s de la victoria de Trump es una mujer trans, sin embargo, su padre dice que a su hijo lo mat\u00f3 el virus de la cultura woke, al respecto tambi\u00e9n se ha pronunciado el actual presidente de argentina, se\u00f1alando esta ideolog\u00eda como un c\u00e1ncer que se expande hacia el feminismo por lo que busca poner fin a la figura del feminicidio y las leyes de paridad de g\u00e9nero.<\/p>\n<p>La ideolog\u00eda \u201cwoke\u201d hace referencia a un despertar social, donde la desigualdad no puede ser tolerada, donde se toman en cuenta las minor\u00edas y empatizamos con m\u00faltiples realidades, pero para algunos dirigentes de grandes naciones donde ha ganado una extrema derecha parece que la igualdad no es una opci\u00f3n pues limita intereses personales.<\/p>\n<p>No importa que estemos ante una era de informaci\u00f3n masiva con acceso a todo tipo de plataformas de comunicaci\u00f3n pues al final estas terminan al servicio de figuras de poder, bast\u00f3 un mensaje para corroborarlo despu\u00e9s de que la plataforma de videos \u201ctiktok\u201d que supuestamente desaparecer\u00eda en Estados Unidos, volviera con un mensaje enalteciendo el trabajo de Donald Trump para recuperar la comunicaci\u00f3n que \u00e9l mismo hab\u00eda bloqueado.<\/p>\n<p>\u00bfEstamos ante un circo como muchos intentan hacernos creer? \u00bfes esta una simulaci\u00f3n? O es m\u00e1s bien el desencanto de quienes creen merecerlo todo y apuestan por una superioridad a costa de otros, pues, aunque haya quien niegue la realidad a\u00fan ante im\u00e1genes brutales que demuestran lo contrario, es evidente que estamos viviendo una era de lucha de ideolog\u00edas, no hay puntos neutros y la tibieza no tiene lugar, nuevamente nos dividimos entre derechas e izquierdas.<\/p>\n<p>En esta era abundan datos, surgen constantemente teor\u00edas como nuevas tendencias de comunicaci\u00f3n, sin embargo seguimos profundamente desinformados y como no estarlo si los grandes conglomerados digitales poseedores de nuestros datos para conocer a profundidad nuestra manera de pensar y lo m\u00e1s sensible de nuestra ideolog\u00eda son quienes se ponen al servicio de grandes figuras del poder o al menos se vuelven sus grandes consejeros, bajo estas acciones no es dif\u00edcil imaginar un mundo donde nuevamente los medios tienen el control de c\u00f3mo actuamos y pensamos.<\/p>\n<p>Y es que no hay mayor ilusi\u00f3n que decir que el poder est\u00e1 en nosotros en medio de plataformas que en realidad controlan entes mayores. Lo que anta\u00f1o radicaba en la radio, la prensa y la televisi\u00f3n, hoy se traslada a las plataformas digitales y es que no se trata \u00fanicamente de Elon Musk, si no de Jeff Bezos limitando al Washington Post para que no brindara apoyo a Kamala Harris. Mark Zuckerberg liberando todo tipo de informaci\u00f3n falsa bajo el discurso de libertad de expresi\u00f3n y a\u00fan m\u00e1s importante es el control de las narrativas donde dudamos de lo verdaderamente humano.<\/p>\n<p>Si las plataformas permiten la creaci\u00f3n de discursos xen\u00f3fobos que incitan a una divisi\u00f3n constante en la sociedad, no es de extra\u00f1ar que el miedo a lo desconocido ponga al frente de las naciones a l\u00edderes extremistas que al tener el control de la narrativa tienen tambi\u00e9n por ende el control de sus votantes.<\/p>\n","protected":false},"excerpt":{"rendered":"<p>Columna de Opini\u00f3n Zaira Rosas La administraci\u00f3n de Donald Trump comenz\u00f3 con un retroceso en derechos humanos al no reconocer a las personas transexuales, no binarias o de g\u00e9nero fluido, de igual forma solicit\u00f3 que las mujeres trans sean trasladadas a centros penitenciarios para hombres y que les sean suspendidos sus tratamientos hormonales. La hija [&hellip;]<\/p>\n","protected":false},"author":2476,"featured_media":387,"comment_status":"open","ping_status":"open","sticky":false,"template":"","format":"standard","meta":{"_jetpack_memberships_contains_paid_content":false,"footnotes":""},"categories":[11],"tags":[],"class_list":["post-63055","post","type-post","status-publish","format-standard","has-post-thumbnail","hentry","category-opinion"],"jetpack_featured_media_url":"https:\/\/encuentroinformativo.com.mx\/wp-content\/uploads\/2020\/03\/7CF8A22B-2764-47BE-8F7F-38FE9E5D6A2F.jpeg","jetpack_sharing_enabled":true,"jetpack_likes_enabled":true,"amp_enabled":true,"_links":{"self":[{"href":"https:\/\/encuentroinformativo.com.mx\/index.php?rest_route=\/wp\/v2\/posts\/63055","targetHints":{"allow":["GET"]}}],"collection":[{"href":"https:\/\/encuentroinformativo.com.mx\/index.php?rest_route=\/wp\/v2\/posts"}],"about":[{"href":"https:\/\/encuentroinformativo.com.mx\/index.php?rest_route=\/wp\/v2\/types\/post"}],"author":[{"embeddable":true,"href":"https:\/\/encuentroinformativo.com.mx\/index.php?rest_route=\/wp\/v2\/users\/2476"}],"replies":[{"embeddable":true,"href":"https:\/\/encuentroinformativo.com.mx\/index.php?rest_route=%2Fwp%2Fv2%2Fcomments&post=63055"}],"version-history":[{"count":1,"href":"https:\/\/encuentroinformativo.com.mx\/index.php?rest_route=\/wp\/v2\/posts\/63055\/revisions"}],"predecessor-version":[{"id":63056,"href":"https:\/\/encuentroinformativo.com.mx\/index.php?rest_route=\/wp\/v2\/posts\/63055\/revisions\/63056"}],"wp:featuredmedia":[{"embeddable":true,"href":"https:\/\/encuentroinformativo.com.mx\/index.php?rest_route=\/wp\/v2\/media\/387"}],"wp:attachment":[{"href":"https:\/\/encuentroinformativo.com.mx\/index.php?rest_route=%2Fwp%2Fv2%2Fmedia&parent=63055"}],"wp:term":[{"taxonomy":"category","embeddable":true,"href":"https:\/\/encuentroinformativo.com.mx\/index.php?rest_route=%2Fwp%2Fv2%2Fcategories&post=63055"},{"taxonomy":"post_tag","embeddable":true,"href":"https:\/\/encuentroinformativo.com.mx\/index.php?rest_route=%2Fwp%2Fv2%2Ftags&post=63055"}],"curies":[{"name":"wp","href":"https:\/\/api.w.org\/{rel}","templated":true}]}}